{"id":1870,"date":"2019-11-30T15:56:56","date_gmt":"2019-11-30T14:56:56","guid":{"rendered":"https:\/\/heimatverein-nieder-roden.de\/?p=1870"},"modified":"2024-12-01T16:11:34","modified_gmt":"2024-12-01T15:11:34","slug":"nieder-roeder-adventsmarkt-2019","status":"publish","type":"post","link":"https:\/\/heimatverein-nieder-roden.de\/?p=1870","title":{"rendered":"Nieder-R\u00f6der Adventsmarkt 2019"},"content":{"rendered":"<div id=\"ez-toc-container\" class=\"ez-toc-v2_0_82_2 counter-hierarchy ez-toc-counter ez-toc-custom ez-toc-container-direction\">\n<p class=\"ez-toc-title\" style=\"cursor:inherit\">Inhaltsverzeichnis<\/p>\n<label for=\"ez-toc-cssicon-toggle-item-69f307ffac1d1\" class=\"ez-toc-cssicon-toggle-label\"><span class=\"\"><span class=\"eztoc-hide\" style=\"display:none;\">Toggle<\/span><span class=\"ez-toc-icon-toggle-span\"><svg style=\"fill: #000000;color:#000000\" xmlns=\"http:\/\/www.w3.org\/2000\/svg\" class=\"list-377408\" width=\"20px\" height=\"20px\" viewBox=\"0 0 24 24\" fill=\"none\"><path d=\"M6 6H4v2h2V6zm14 0H8v2h12V6zM4 11h2v2H4v-2zm16 0H8v2h12v-2zM4 16h2v2H4v-2zm16 0H8v2h12v-2z\" fill=\"currentColor\"><\/path><\/svg><svg style=\"fill: #000000;color:#000000\" class=\"arrow-unsorted-368013\" xmlns=\"http:\/\/www.w3.org\/2000\/svg\" width=\"10px\" height=\"10px\" viewBox=\"0 0 24 24\" version=\"1.2\" baseProfile=\"tiny\"><path d=\"M18.2 9.3l-6.2-6.3-6.2 6.3c-.2.2-.3.4-.3.7s.1.5.3.7c.2.2.4.3.7.3h11c.3 0 .5-.1.7-.3.2-.2.3-.5.3-.7s-.1-.5-.3-.7zM5.8 14.7l6.2 6.3 6.2-6.3c.2-.2.3-.5.3-.7s-.1-.5-.3-.7c-.2-.2-.4-.3-.7-.3h-11c-.3 0-.5.1-.7.3-.2.2-.3.5-.3.7s.1.5.3.7z\"\/><\/svg><\/span><\/span><\/label><input type=\"checkbox\"  id=\"ez-toc-cssicon-toggle-item-69f307ffac1d1\"  aria-label=\"Toggle\" \/><nav><ul class='ez-toc-list ez-toc-list-level-1 ' ><li class='ez-toc-page-1 ez-toc-heading-level-3'><a class=\"ez-toc-link ez-toc-heading-1\" href=\"https:\/\/heimatverein-nieder-roden.de\/?p=1870\/#Oeffnungszeiten_und_Lageplan\" >\u00d6ffnungszeiten und Lageplan<\/a><\/li><li class='ez-toc-page-1 ez-toc-heading-level-3'><a class=\"ez-toc-link ez-toc-heading-2\" href=\"https:\/\/heimatverein-nieder-roden.de\/?p=1870\/#Auftritt_Musikverein\" >Auftritt Musikverein<\/a><\/li><li class='ez-toc-page-1 ez-toc-heading-level-3'><a class=\"ez-toc-link ez-toc-heading-3\" href=\"https:\/\/heimatverein-nieder-roden.de\/?p=1870\/#Angebot_des_AKHNR\" >Angebot des AKHNR<\/a><\/li><li class='ez-toc-page-1 ez-toc-heading-level-3'><a class=\"ez-toc-link ez-toc-heading-4\" href=\"https:\/\/heimatverein-nieder-roden.de\/?p=1870\/#%E2%80%9ERodgau_63%E2%80%9C_bei_uns_am_Stand\" >&#8222;Rodgau 63&#8220; bei uns am Stand<\/a><\/li><li class='ez-toc-page-1 ez-toc-heading-level-3'><a class=\"ez-toc-link ez-toc-heading-5\" href=\"https:\/\/heimatverein-nieder-roden.de\/?p=1870\/#Magnetschmuck_mit_Nieder-Roeder_Motiven\" >Magnetschmuck mit Nieder-R\u00f6der Motiven<\/a><\/li><li class='ez-toc-page-1 ez-toc-heading-level-3'><a class=\"ez-toc-link ez-toc-heading-6\" href=\"https:\/\/heimatverein-nieder-roden.de\/?p=1870\/#Karten_fuer_das_Festkonzert\" >Karten f\u00fcr das Festkonzert<\/a><\/li><li class='ez-toc-page-1 ez-toc-heading-level-3'><a class=\"ez-toc-link ez-toc-heading-7\" href=\"https:\/\/heimatverein-nieder-roden.de\/?p=1870\/#Der_Nieder-Roeder_Fotokalender\" >Der Nieder-R\u00f6der Fotokalender<\/a><\/li><li class='ez-toc-page-1 ez-toc-heading-level-3'><a class=\"ez-toc-link ez-toc-heading-8\" href=\"https:\/\/heimatverein-nieder-roden.de\/?p=1870\/#Ein_Markt_von_Nieder-Roedern_fuer_Nieder-Roeder\" >Ein Markt von Nieder-R\u00f6dern f\u00fcr Nieder-R\u00f6der<\/a><\/li><\/ul><\/nav><\/div>\n\n<p>Es ist wieder soweit: am 2. Adventswochende lockt der Nieder-R\u00f6der Adventsmarkt wieder seine Freunde &#8211; f\u00fcr viele Rodgauer der Weihnachtsmarkt mit der dichtesten Atmosph\u00e4re!<\/p>\n\n\n\n<h3 class=\"wp-block-heading\"><span class=\"ez-toc-section\" id=\"Oeffnungszeiten_und_Lageplan\"><\/span> <strong>\u00d6ffnungszeite<\/strong>n und Lageplan<span class=\"ez-toc-section-end\"><\/span><\/h3>\n\n\n\n<blockquote class=\"wp-block-quote has-text-align-center is-layout-flow wp-block-quote-is-layout-flow\"><p>Samstag, 7. Dezember, <br>16:00 &#8211; 22:30 Uhr<br><br>Sonntag, 8. Dezember, <br>14:00 &#8211; 20:00 Uhr<\/p><\/blockquote>\n\n\n\n<p>W\u00e4hrend wir bis vor einigen Jahren sogar selbst Ausrichter des Marktes waren, wird er heute organisiert von der Katholischen Pfarrgemeinde St. Matthias. <\/p>\n\n\n\n<figure class=\"wp-block-image size-large\"><a href=\"https:\/\/heimatverein-nieder-roden.de\/wp-content\/uploads\/2019\/11\/Adventsmarkt2019_Lageplan-scaled.png\"><img decoding=\"async\" width=\"1024\" height=\"544\" src=\"https:\/\/heimatverein-nieder-roden.de\/wp-content\/uploads\/2019\/11\/Adventsmarkt2019_Lageplan-1024x544.png\" alt=\"\" class=\"wp-image-1905\" srcset=\"https:\/\/heimatverein-nieder-roden.de\/wp-content\/uploads\/2019\/11\/Adventsmarkt2019_Lageplan-1024x544.png 1024w, https:\/\/heimatverein-nieder-roden.de\/wp-content\/uploads\/2019\/11\/Adventsmarkt2019_Lageplan-300x159.png 300w, https:\/\/heimatverein-nieder-roden.de\/wp-content\/uploads\/2019\/11\/Adventsmarkt2019_Lageplan-768x408.png 768w, https:\/\/heimatverein-nieder-roden.de\/wp-content\/uploads\/2019\/11\/Adventsmarkt2019_Lageplan-1536x816.png 1536w, https:\/\/heimatverein-nieder-roden.de\/wp-content\/uploads\/2019\/11\/Adventsmarkt2019_Lageplan-2048x1088.png 2048w, https:\/\/heimatverein-nieder-roden.de\/wp-content\/uploads\/2019\/11\/Adventsmarkt2019_Lageplan-560x297.png 560w\" sizes=\"(max-width: 1024px) 100vw, 1024px\" \/><\/a><figcaption>Lageplan des Adventsmarktes 2019  &#8211; \u00a9 Pfarrgemeinde St. Matthias Nieder-Roden <\/figcaption><\/figure>\n\n\n\n<p>23 St\u00e4nde dr\u00e4ngen sich in diesem Jahr auf dem Kirchplatz, in Turm- und Schulstra\u00dfe, um die Sankt Matthias Kirche, das Pfarrheim und das Heimatmuseum im alten Ortskern von Nieder-Roden. Dabei sorgen sie f\u00fcr eine einzigartige Atmosph\u00e4re wie es sie in Rodgau kein zweites Mal gibt.  <\/p>\n\n\n\n<h3 class=\"wp-block-heading\"><span class=\"ez-toc-section\" id=\"Auftritt_Musikverein\"><\/span>Auftritt Musikverein<span class=\"ez-toc-section-end\"><\/span><\/h3>\n\n\n\n<blockquote class=\"wp-block-quote has-text-align-center is-layout-flow wp-block-quote-is-layout-flow\"><p>Orchester &#8222;Klangfarben&#8220; und Freunde<\/p><p>Samstag, 7. Dezember, 18:00 Uhr<\/p><\/blockquote>\n\n\n\n<div class=\"wp-block-image\"><figure class=\"aligncenter size-large is-resized\"><a href=\"https:\/\/www.mv-nieder-roden.de\/aktuelles\/\" target=\"_blank\" rel=\"noreferrer noopener\"><img decoding=\"async\" src=\"https:\/\/heimatverein-nieder-roden.de\/wp-content\/uploads\/2019\/02\/2019-02-17_AKHNR_MVN-Logo_selbstgeb_v1.0-1024x469.png\" alt=\"\" class=\"wp-image-557\" width=\"451\" height=\"206\" srcset=\"https:\/\/heimatverein-nieder-roden.de\/wp-content\/uploads\/2019\/02\/2019-02-17_AKHNR_MVN-Logo_selbstgeb_v1.0-1024x469.png 1024w, https:\/\/heimatverein-nieder-roden.de\/wp-content\/uploads\/2019\/02\/2019-02-17_AKHNR_MVN-Logo_selbstgeb_v1.0-300x137.png 300w, https:\/\/heimatverein-nieder-roden.de\/wp-content\/uploads\/2019\/02\/2019-02-17_AKHNR_MVN-Logo_selbstgeb_v1.0-768x352.png 768w\" sizes=\"(max-width: 451px) 100vw, 451px\" \/><\/a><figcaption>Klicken Sie f\u00fcr weitere Infos zum Musikverein<\/figcaption><\/figure><\/div>\n\n\n\n<p>Das Markttreiben begleitet ein stimmungsvolles Rahmenprogramm auf der B\u00fchne. Mit dabei ist auch das  Orchester &#8222;Klangfarben&#8220; (und Freunde) des Musikvereins Nieder-Roden.<br>Am Samstag, den 7. Dezember, von 18:00 bis 19:00 Uhr spielt es bekannte Weihnachtslieder.<\/p>\n\n\n\n<h3 class=\"wp-block-heading\"><span class=\"ez-toc-section\" id=\"Angebot_des_AKHNR\"><\/span>Angebot des AKHNR<span class=\"ez-toc-section-end\"><\/span><\/h3>\n\n\n\n<p>Der Stand des AKHNR hat seinen festen Platz an der Giebelseite des Heimatmuseums am Kirchplatz. <\/p>\n\n\n\n<div class=\"wp-block-image\"><figure class=\"aligncenter size-large is-resized\"><img decoding=\"async\" src=\"https:\/\/heimatverein-nieder-roden.de\/wp-content\/uploads\/2019\/11\/2019-11-26_AKHNR_Adventsmarkt-2019_Anzeige_Rodgau-Zeitung_v2.1_138x60mm-1024x445.jpg\" alt=\"\" class=\"wp-image-1874\" width=\"768\" height=\"334\" srcset=\"https:\/\/heimatverein-nieder-roden.de\/wp-content\/uploads\/2019\/11\/2019-11-26_AKHNR_Adventsmarkt-2019_Anzeige_Rodgau-Zeitung_v2.1_138x60mm-1024x445.jpg 1024w, https:\/\/heimatverein-nieder-roden.de\/wp-content\/uploads\/2019\/11\/2019-11-26_AKHNR_Adventsmarkt-2019_Anzeige_Rodgau-Zeitung_v2.1_138x60mm-300x130.jpg 300w, https:\/\/heimatverein-nieder-roden.de\/wp-content\/uploads\/2019\/11\/2019-11-26_AKHNR_Adventsmarkt-2019_Anzeige_Rodgau-Zeitung_v2.1_138x60mm-768x334.jpg 768w, https:\/\/heimatverein-nieder-roden.de\/wp-content\/uploads\/2019\/11\/2019-11-26_AKHNR_Adventsmarkt-2019_Anzeige_Rodgau-Zeitung_v2.1_138x60mm-1536x668.jpg 1536w, https:\/\/heimatverein-nieder-roden.de\/wp-content\/uploads\/2019\/11\/2019-11-26_AKHNR_Adventsmarkt-2019_Anzeige_Rodgau-Zeitung_v2.1_138x60mm-560x244.jpg 560w, https:\/\/heimatverein-nieder-roden.de\/wp-content\/uploads\/2019\/11\/2019-11-26_AKHNR_Adventsmarkt-2019_Anzeige_Rodgau-Zeitung_v2.1_138x60mm.jpg 1630w\" sizes=\"(max-width: 768px) 100vw, 768px\" \/><figcaption>Die Anzeige zu unserem Angebot auf dem Adventsmarkt 2019 &#8211; \u00a9 AKHNR<\/figcaption><\/figure><\/div>\n\n\n\n<p>Wir sind ber\u00fchmt f\u00fcr unseren Wildgulasch mit Kl\u00f6\u00dfen der einen einzigartigen Genuss verspricht! Au\u00dferdem gibt es hei\u00dfe Wildknacker, Schmalzbrote und eine gro\u00dfe Auswahl an Geschenkideen und Dekoartikeln, die von den Mitgliedern selbst gefertigt sind. <\/p>\n\n\n\n<h3 class=\"wp-block-heading\"><span class=\"ez-toc-section\" id=\"%E2%80%9ERodgau_63%E2%80%9C_bei_uns_am_Stand\"><\/span>&#8222;Rodgau 63&#8220; bei uns am Stand<span class=\"ez-toc-section-end\"><\/span><\/h3>\n\n\n\n<div class=\"wp-block-image\"><figure class=\"aligncenter size-large is-resized\"><img decoding=\"async\" src=\"https:\/\/heimatverein-nieder-roden.de\/wp-content\/uploads\/2019\/11\/Rodgau63_190919_Sticker52x52.png\" alt=\"\" class=\"wp-image-1899\" width=\"256\" height=\"256\" srcset=\"https:\/\/heimatverein-nieder-roden.de\/wp-content\/uploads\/2019\/11\/Rodgau63_190919_Sticker52x52.png 457w, https:\/\/heimatverein-nieder-roden.de\/wp-content\/uploads\/2019\/11\/Rodgau63_190919_Sticker52x52-300x300.png 300w, https:\/\/heimatverein-nieder-roden.de\/wp-content\/uploads\/2019\/11\/Rodgau63_190919_Sticker52x52-150x150.png 150w\" sizes=\"(max-width: 256px) 100vw, 256px\" \/><figcaption>Logo von Rodgau 63 &#8211; \u00a9 RodgauErleben<\/figcaption><\/figure><\/div>\n\n\n\n<p>Zum ersten Mal finden Sie an unserem Stand Merchandise-Artikel von <strong>&#8222;RODGAU 63&#8220;<\/strong> der Initiative <strong>&#8222;Rodgau Erleben&#8220;<\/strong>. Die Gruppe schreibt dazu:<\/p>\n\n\n\n<p><em> &#8222;Bei den Produkten von Rodgau Erleben geht es darum, die Verbundenheit zu seiner Heimatstadt \u00fcber Klamotten auszudr\u00fccken. Die im Rodgauer \u201eJugendjargon\u201c bekannte Floskel \u201eRodgau 63\u201c (63 steht hierbei f\u00fcr die ersten beiden Ziffern der PLZ) \u00fcbertragen wir auf unsere Produkte. Durch die 63 wird also die Verbundenheit zur Heimatstadt ausgedr\u00fcckt, ohne dabei ein aufdringliches &#8222;RODGAU\u201c auf den Artikeln platzieren zu m\u00fcssen. <\/em><\/p>\n\n\n\n<p><em>Beim T-Shirt findet man zus\u00e4tzlich auf der R\u00fcckseite den Schwarzplan der Stadt wieder. Der Schwarzplan zeigt hierbei jedes Geb\u00e4ude von Rodgau. Die unverwechselbare Silhouette ist markant und zeigt auch hier die Verbundenheit zur Stadt und weckt auch Interesse bei Leuten, denen Rodgau unbekannt ist. <\/em><\/p>\n\n\n\n<p><em>Ziel ist es, ein Bewusstsein f\u00fcr seine Heimat zu  schaffen und gleichzeitig soziale Projekte im Rodgau zu unterst\u00fctzen, indem <strong>15% des Verkaufserl\u00f6ses gespendet<\/strong> werden. Momentan bieten wir Caps, M\u00fctzen sowie T-Shirts und Aufkleber an.&#8220;&nbsp;     <\/em><\/p>\n\n\n\n<figure class=\"wp-block-gallery columns-3 is-cropped wp-block-gallery-1 is-layout-flex wp-block-gallery-is-layout-flex\"><ul class=\"blocks-gallery-grid\"><li class=\"blocks-gallery-item\"><figure><a href=\"https:\/\/heimatverein-nieder-roden.de\/wp-content\/uploads\/2019\/11\/Rodgau63_IMG_6591.jpeg\"><img decoding=\"async\" width=\"423\" height=\"507\" src=\"https:\/\/heimatverein-nieder-roden.de\/wp-content\/uploads\/2019\/11\/Rodgau63_IMG_6591.jpeg\" alt=\"\" data-id=\"1894\" data-full-url=\"https:\/\/heimatverein-nieder-roden.de\/wp-content\/uploads\/2019\/11\/Rodgau63_IMG_6591.jpeg\" data-link=\"https:\/\/heimatverein-nieder-roden.de\/?attachment_id=1894\" class=\"wp-image-1894\" srcset=\"https:\/\/heimatverein-nieder-roden.de\/wp-content\/uploads\/2019\/11\/Rodgau63_IMG_6591.jpeg 423w, https:\/\/heimatverein-nieder-roden.de\/wp-content\/uploads\/2019\/11\/Rodgau63_IMG_6591-250x300.jpeg 250w\" sizes=\"(max-width: 423px) 100vw, 423px\" \/><\/a><figcaption class=\"blocks-gallery-item__caption\">Caps von &#8222;Rodgau 63&#8220; &#8211; \u00a9 RodgauErleben<\/figcaption><\/figure><\/li><li class=\"blocks-gallery-item\"><figure><a href=\"https:\/\/heimatverein-nieder-roden.de\/wp-content\/uploads\/2019\/11\/Rodgau63_Mu\u0308tze2.jpeg\"><img decoding=\"async\" width=\"497\" height=\"480\" src=\"https:\/\/heimatverein-nieder-roden.de\/wp-content\/uploads\/2019\/11\/Rodgau63_Mu\u0308tze2.jpeg\" alt=\"\" data-id=\"1895\" data-full-url=\"https:\/\/heimatverein-nieder-roden.de\/wp-content\/uploads\/2019\/11\/Rodgau63_Mu\u0308tze2.jpeg\" data-link=\"https:\/\/heimatverein-nieder-roden.de\/?attachment_id=1895\" class=\"wp-image-1895\" srcset=\"https:\/\/heimatverein-nieder-roden.de\/wp-content\/uploads\/2019\/11\/Rodgau63_Mu\u0308tze2.jpeg 497w, https:\/\/heimatverein-nieder-roden.de\/wp-content\/uploads\/2019\/11\/Rodgau63_Mu\u0308tze2-300x290.jpeg 300w\" sizes=\"(max-width: 497px) 100vw, 497px\" \/><\/a><figcaption class=\"blocks-gallery-item__caption\">M\u00fctzen von &#8222;Rodgau 63&#8220; &#8211; \u00a9 RodgauErleben<\/figcaption><\/figure><\/li><li class=\"blocks-gallery-item\"><figure><a href=\"https:\/\/heimatverein-nieder-roden.de\/wp-content\/uploads\/2019\/11\/Rodgau63_T-Shirt.jpeg\"><img decoding=\"async\" width=\"640\" height=\"311\" src=\"https:\/\/heimatverein-nieder-roden.de\/wp-content\/uploads\/2019\/11\/Rodgau63_T-Shirt.jpeg\" alt=\"\" data-id=\"1896\" data-full-url=\"https:\/\/heimatverein-nieder-roden.de\/wp-content\/uploads\/2019\/11\/Rodgau63_T-Shirt.jpeg\" data-link=\"https:\/\/heimatverein-nieder-roden.de\/?attachment_id=1896\" class=\"wp-image-1896\" srcset=\"https:\/\/heimatverein-nieder-roden.de\/wp-content\/uploads\/2019\/11\/Rodgau63_T-Shirt.jpeg 640w, https:\/\/heimatverein-nieder-roden.de\/wp-content\/uploads\/2019\/11\/Rodgau63_T-Shirt-300x146.jpeg 300w, https:\/\/heimatverein-nieder-roden.de\/wp-content\/uploads\/2019\/11\/Rodgau63_T-Shirt-560x272.jpeg 560w\" sizes=\"(max-width: 640px) 100vw, 640px\" \/><\/a><figcaption class=\"blocks-gallery-item__caption\">T-Shirts von &#8222;Rodgau 63&#8220; &#8211; \u00a9 RodgauErleben<\/figcaption><\/figure><\/li><\/ul><\/figure>\n\n\n\n<h3 class=\"wp-block-heading\"><span class=\"ez-toc-section\" id=\"Magnetschmuck_mit_Nieder-Roeder_Motiven\"><\/span>Magnetschmuck mit Nieder-R\u00f6der Motiven<span class=\"ez-toc-section-end\"><\/span><\/h3>\n\n\n\n<p>Eine weitere sch\u00f6ne wie praktische Geschenkidee ist der Magnetschmuck mit Motiven, unter anderem aus Nieder-Roden und Umgebung. <br>Auch diese finden Sie bei uns am Stand zu Preisen von 2 \u20ac bis 4 \u20ac je St\u00fcck.<br>Diese Magnete d\u00fcrfen eigentlich an keinem Nieder-R\u00f6der K\u00fchlschrank fehlen.<\/p>\n\n\n\n<figure class=\"wp-block-gallery columns-2 is-cropped wp-block-gallery-2 is-layout-flex wp-block-gallery-is-layout-flex\"><ul class=\"blocks-gallery-grid\"><li class=\"blocks-gallery-item\"><figure><a href=\"https:\/\/heimatverein-nieder-roden.de\/wp-content\/uploads\/2019\/12\/567-740-thickbox.jpg\"><img decoding=\"async\" width=\"600\" height=\"600\" src=\"https:\/\/heimatverein-nieder-roden.de\/wp-content\/uploads\/2019\/12\/567-740-thickbox.jpg\" alt=\"\" data-id=\"2010\" data-full-url=\"https:\/\/heimatverein-nieder-roden.de\/wp-content\/uploads\/2019\/12\/567-740-thickbox.jpg\" data-link=\"https:\/\/heimatverein-nieder-roden.de\/?attachment_id=2010\" class=\"wp-image-2010\" srcset=\"https:\/\/heimatverein-nieder-roden.de\/wp-content\/uploads\/2019\/12\/567-740-thickbox.jpg 600w, https:\/\/heimatverein-nieder-roden.de\/wp-content\/uploads\/2019\/12\/567-740-thickbox-300x300.jpg 300w, https:\/\/heimatverein-nieder-roden.de\/wp-content\/uploads\/2019\/12\/567-740-thickbox-150x150.jpg 150w, https:\/\/heimatverein-nieder-roden.de\/wp-content\/uploads\/2019\/12\/567-740-thickbox-560x560.jpg 560w\" sizes=\"(max-width: 600px) 100vw, 600px\" \/><\/a><figcaption class=\"blocks-gallery-item__caption\">Magnetschmuck &#8211; Motiv &#8222;Es alde Ord&#8220; &#8211;  \u00a9majoba.de  <\/figcaption><\/figure><\/li><li class=\"blocks-gallery-item\"><figure><a href=\"https:\/\/heimatverein-nieder-roden.de\/wp-content\/uploads\/2019\/12\/1572-2728-thickbox.jpg\"><img decoding=\"async\" width=\"600\" height=\"600\" src=\"https:\/\/heimatverein-nieder-roden.de\/wp-content\/uploads\/2019\/12\/1572-2728-thickbox.jpg\" alt=\"\" data-id=\"2011\" data-full-url=\"https:\/\/heimatverein-nieder-roden.de\/wp-content\/uploads\/2019\/12\/1572-2728-thickbox.jpg\" data-link=\"https:\/\/heimatverein-nieder-roden.de\/?attachment_id=2011\" class=\"wp-image-2011\" srcset=\"https:\/\/heimatverein-nieder-roden.de\/wp-content\/uploads\/2019\/12\/1572-2728-thickbox.jpg 600w, https:\/\/heimatverein-nieder-roden.de\/wp-content\/uploads\/2019\/12\/1572-2728-thickbox-300x300.jpg 300w, https:\/\/heimatverein-nieder-roden.de\/wp-content\/uploads\/2019\/12\/1572-2728-thickbox-150x150.jpg 150w, https:\/\/heimatverein-nieder-roden.de\/wp-content\/uploads\/2019\/12\/1572-2728-thickbox-560x560.jpg 560w\" sizes=\"(max-width: 600px) 100vw, 600px\" \/><\/a><figcaption class=\"blocks-gallery-item__caption\">Magnetschmuck  &#8211; Motiv &#8222;Am Nieder-R\u00f6der Badesee&#8220; &#8211;  \u00a9 majoba.de   <\/figcaption><\/figure><\/li><\/ul><\/figure>\n\n\n\n<h3 class=\"wp-block-heading\"><span class=\"ez-toc-section\" id=\"Karten_fuer_das_Festkonzert\"><\/span>Karten f\u00fcr das Festkonzert<span class=\"ez-toc-section-end\"><\/span><\/h3>\n\n\n\n<p><strong>Exklusiv <\/strong>auf dem Markt, gibt es <strong>bei uns am Stand die Karten f\u00fcr das Festkonzert <\/strong>des Musikvereins Nieder-Roden, am 1. Weihnachtsfeiertag (25. Dezember), im B\u00fcrgerhaus Nieder-Roden (Beginn: 19:00 Uhr; Eintritt: 11 \u20acuro).<\/p>\n\n\n\n<figure class=\"wp-block-gallery aligncenter columns-3 is-cropped wp-block-gallery-3 is-layout-flex wp-block-gallery-is-layout-flex\"><ul class=\"blocks-gallery-grid\"><li class=\"blocks-gallery-item\"><figure><a href=\"https:\/\/heimatverein-nieder-roden.de\/wp-content\/uploads\/2019\/11\/MVN_Flyer_Weihnachtskonzert-40-19-2_Seite_1.png\"><img decoding=\"async\" width=\"512\" height=\"1024\" src=\"https:\/\/heimatverein-nieder-roden.de\/wp-content\/uploads\/2019\/11\/MVN_Flyer_Weihnachtskonzert-40-19-2_Seite_1-512x1024.png\" alt=\"\" data-id=\"1887\" data-full-url=\"https:\/\/heimatverein-nieder-roden.de\/wp-content\/uploads\/2019\/11\/MVN_Flyer_Weihnachtskonzert-40-19-2_Seite_1.png\" data-link=\"https:\/\/heimatverein-nieder-roden.de\/?attachment_id=1887\" class=\"wp-image-1887\" srcset=\"https:\/\/heimatverein-nieder-roden.de\/wp-content\/uploads\/2019\/11\/MVN_Flyer_Weihnachtskonzert-40-19-2_Seite_1-512x1024.png 512w, https:\/\/heimatverein-nieder-roden.de\/wp-content\/uploads\/2019\/11\/MVN_Flyer_Weihnachtskonzert-40-19-2_Seite_1-150x300.png 150w, https:\/\/heimatverein-nieder-roden.de\/wp-content\/uploads\/2019\/11\/MVN_Flyer_Weihnachtskonzert-40-19-2_Seite_1-768x1536.png 768w, https:\/\/heimatverein-nieder-roden.de\/wp-content\/uploads\/2019\/11\/MVN_Flyer_Weihnachtskonzert-40-19-2_Seite_1-560x1120.png 560w, https:\/\/heimatverein-nieder-roden.de\/wp-content\/uploads\/2019\/11\/MVN_Flyer_Weihnachtskonzert-40-19-2_Seite_1.png 827w\" sizes=\"(max-width: 512px) 100vw, 512px\" \/><\/a><figcaption class=\"blocks-gallery-item__caption\">Flyer des MVN zum Festkonzert 2019 und den Terminen des Jahres 2020. Seite 1 von 2 &#8211; \u00a9AKHNR<\/figcaption><\/figure><\/li><li class=\"blocks-gallery-item\"><figure><a href=\"https:\/\/heimatverein-nieder-roden.de\/wp-content\/uploads\/2019\/11\/MVN_Flyer_Weihnachtskonzert-40-19-2_Seite_2.png\"><img decoding=\"async\" width=\"512\" height=\"1024\" src=\"https:\/\/heimatverein-nieder-roden.de\/wp-content\/uploads\/2019\/11\/MVN_Flyer_Weihnachtskonzert-40-19-2_Seite_2-512x1024.png\" alt=\"\" data-id=\"1888\" data-full-url=\"https:\/\/heimatverein-nieder-roden.de\/wp-content\/uploads\/2019\/11\/MVN_Flyer_Weihnachtskonzert-40-19-2_Seite_2.png\" data-link=\"https:\/\/heimatverein-nieder-roden.de\/?attachment_id=1888\" class=\"wp-image-1888\" srcset=\"https:\/\/heimatverein-nieder-roden.de\/wp-content\/uploads\/2019\/11\/MVN_Flyer_Weihnachtskonzert-40-19-2_Seite_2-512x1024.png 512w, https:\/\/heimatverein-nieder-roden.de\/wp-content\/uploads\/2019\/11\/MVN_Flyer_Weihnachtskonzert-40-19-2_Seite_2-150x300.png 150w, https:\/\/heimatverein-nieder-roden.de\/wp-content\/uploads\/2019\/11\/MVN_Flyer_Weihnachtskonzert-40-19-2_Seite_2-560x1120.png 560w, https:\/\/heimatverein-nieder-roden.de\/wp-content\/uploads\/2019\/11\/MVN_Flyer_Weihnachtskonzert-40-19-2_Seite_2.png 621w\" sizes=\"(max-width: 512px) 100vw, 512px\" \/><\/a><figcaption class=\"blocks-gallery-item__caption\">Flyer des MVN zum Festkonzert 2019 und den Terminen des Jahres 2020. Seite 2 von 2 &#8211; \u00a9AKHNR<\/figcaption><\/figure><\/li><li class=\"blocks-gallery-item\"><figure><a href=\"https:\/\/heimatverein-nieder-roden.de\/wp-content\/uploads\/2019\/11\/MVN_Festkonzert-2019_Plakat_online.jpg\"><img decoding=\"async\" width=\"640\" height=\"905\" src=\"https:\/\/heimatverein-nieder-roden.de\/wp-content\/uploads\/2019\/11\/MVN_Festkonzert-2019_Plakat_online.jpg\" alt=\"\" data-id=\"1889\" data-full-url=\"https:\/\/heimatverein-nieder-roden.de\/wp-content\/uploads\/2019\/11\/MVN_Festkonzert-2019_Plakat_online.jpg\" data-link=\"https:\/\/heimatverein-nieder-roden.de\/?attachment_id=1889\" class=\"wp-image-1889\" srcset=\"https:\/\/heimatverein-nieder-roden.de\/wp-content\/uploads\/2019\/11\/MVN_Festkonzert-2019_Plakat_online.jpg 640w, https:\/\/heimatverein-nieder-roden.de\/wp-content\/uploads\/2019\/11\/MVN_Festkonzert-2019_Plakat_online-212x300.jpg 212w, https:\/\/heimatverein-nieder-roden.de\/wp-content\/uploads\/2019\/11\/MVN_Festkonzert-2019_Plakat_online-560x792.jpg 560w\" sizes=\"(max-width: 640px) 100vw, 640px\" \/><\/a><figcaption class=\"blocks-gallery-item__caption\">Plakat zum Festkonzert 2019 des Musikvereins Nieder-Roden &#8211; \u00a9MVN<\/figcaption><\/figure><\/li><\/ul><\/figure>\n\n\n\n<p>Gro\u00dfen Anklang finden auch unsere Geschenkpakete bestehend aus B\u00fcchern der Nieder-R\u00f6der Heimatbibliothek. Nur beim Adventsmarkt gibt es sie zu Sonderpreisen in sch\u00f6ner (Geschenk-)Verpackung.<\/p>\n\n\n\n<div class=\"wp-block-image\"><figure class=\"aligncenter size-large is-resized\"><img decoding=\"async\" src=\"https:\/\/heimatverein-nieder-roden.de\/wp-content\/uploads\/2019\/11\/20171209_140614_reduz-2MP-1024x768.jpg\" alt=\"\" class=\"wp-image-1879\" width=\"413\" height=\"309\" srcset=\"https:\/\/heimatverein-nieder-roden.de\/wp-content\/uploads\/2019\/11\/20171209_140614_reduz-2MP-1024x768.jpg 1024w, https:\/\/heimatverein-nieder-roden.de\/wp-content\/uploads\/2019\/11\/20171209_140614_reduz-2MP-300x225.jpg 300w, https:\/\/heimatverein-nieder-roden.de\/wp-content\/uploads\/2019\/11\/20171209_140614_reduz-2MP-768x576.jpg 768w, https:\/\/heimatverein-nieder-roden.de\/wp-content\/uploads\/2019\/11\/20171209_140614_reduz-2MP-1536x1152.jpg 1536w, https:\/\/heimatverein-nieder-roden.de\/wp-content\/uploads\/2019\/11\/20171209_140614_reduz-2MP-560x420.jpg 560w, https:\/\/heimatverein-nieder-roden.de\/wp-content\/uploads\/2019\/11\/20171209_140614_reduz-2MP.jpg 1632w\" sizes=\"(max-width: 413px) 100vw, 413px\" \/><figcaption>Geschenkpakete mit Heimatb\u00fcchern &#8211; \u00a9 AKHNR<\/figcaption><\/figure><\/div>\n\n\n\n<p>Besonderes Highlight ist in diesem Jahr eine Neuheit:<\/p>\n\n\n\n<h3 class=\"wp-block-heading\"><span class=\"ez-toc-section\" id=\"Der_Nieder-Roeder_Fotokalender\"><\/span>Der Nieder-R\u00f6der Fotokalender<span class=\"ez-toc-section-end\"><\/span><\/h3>\n\n\n\n<p>Mit 12 wundersch\u00f6nen Impressionen aus Nieder-Roden und Umgebung macht sich dieser Kalender, im Format DIN A4 quer, wunderbar in jedem Haushalt.<\/p>\n\n\n\n<p>Vielen Dank an Eva Gerschner und Uli Biebel f\u00fcr die Umsetzung der Idee!<\/p>\n\n\n\n<p>Der Kalender ist nicht nur sch\u00f6n anzuschauen, sondern auch n\u00fctzlich.<br>So finden Sie auf ihm auch Hinweise zu Terminen des AKHNR und des Musikvereins Nieder-Roden e. V.!<\/p>\n\n\n\n<p><strong>Sie erhalten den Kalender f\u00fcr 5 \u20ac je St\u00fcck am Stand des AKHNR.<br>Aber Schnell sein: Die Auflage ist auf 100 St\u00fcck begrenzt!<\/strong><\/p>\n\n\n\n<div class=\"wp-block-image\"><figure class=\"aligncenter is-resized\"><a href=\"https:\/\/heimatverein-nieder-roden.de\/wp-content\/uploads\/2019\/11\/2019-11-27_AKHNR_Fotokalender-2020_v1.2-FST_Seite-01.jpg\" target=\"_blank\" rel=\"noreferrer noopener\"><img decoding=\"async\" src=\"https:\/\/heimatverein-nieder-roden.de\/wp-content\/uploads\/2019\/11\/2019-11-27_AKHNR_Fotokalender-2020_v1.2-FST_Seite-01.jpg\" alt=\"\" class=\"wp-image-1873\" width=\"469\" height=\"335\" srcset=\"https:\/\/heimatverein-nieder-roden.de\/wp-content\/uploads\/2019\/11\/2019-11-27_AKHNR_Fotokalender-2020_v1.2-FST_Seite-01.jpg 2386w, https:\/\/heimatverein-nieder-roden.de\/wp-content\/uploads\/2019\/11\/2019-11-27_AKHNR_Fotokalender-2020_v1.2-FST_Seite-01-300x214.jpg 300w, https:\/\/heimatverein-nieder-roden.de\/wp-content\/uploads\/2019\/11\/2019-11-27_AKHNR_Fotokalender-2020_v1.2-FST_Seite-01-1024x730.jpg 1024w, https:\/\/heimatverein-nieder-roden.de\/wp-content\/uploads\/2019\/11\/2019-11-27_AKHNR_Fotokalender-2020_v1.2-FST_Seite-01-768x548.jpg 768w, https:\/\/heimatverein-nieder-roden.de\/wp-content\/uploads\/2019\/11\/2019-11-27_AKHNR_Fotokalender-2020_v1.2-FST_Seite-01-1536x1095.jpg 1536w, https:\/\/heimatverein-nieder-roden.de\/wp-content\/uploads\/2019\/11\/2019-11-27_AKHNR_Fotokalender-2020_v1.2-FST_Seite-01-2048x1460.jpg 2048w, https:\/\/heimatverein-nieder-roden.de\/wp-content\/uploads\/2019\/11\/2019-11-27_AKHNR_Fotokalender-2020_v1.2-FST_Seite-01-560x399.jpg 560w\" sizes=\"(max-width: 469px) 100vw, 469px\" \/><\/a><figcaption> NEU: Der Nieder-R\u00f6der Fotokalender 2020 &#8211; DIE Geschenkidee &#8211; \u00a9 AKHNR<\/figcaption><\/figure><\/div>\n\n\n\n<h3 class=\"wp-block-heading\"><span class=\"ez-toc-section\" id=\"Ein_Markt_von_Nieder-Roedern_fuer_Nieder-Roeder\"><\/span>Ein Markt von Nieder-R\u00f6dern f\u00fcr Nieder-R\u00f6der<span class=\"ez-toc-section-end\"><\/span><\/h3>\n\n\n\n<p>Die Organisatoren des Marktes haben erfolgreich die Besinnlichkeit der Adventszeit in den Vordergrund ger\u00fcckt und bieten damit einen angenehmen Gegenpol zu den gro\u00dfen kommerziell ausgerichteten M\u00e4rkten. Fast alle St\u00e4nde werden von Ehrenamtlichen, Vereinen, Parteien und Gruppierungen gestellt und die Marktorganisatoren verzichten auf jeglichen Profit \u2013 die Gemeinschaft steht im Vordergrund.<\/p>\n\n\n\n<p>Besuchen Sie uns. Wir freuen uns auf Sie!<\/p>\n\n\n\n<p class=\"has-text-align-left\">Falls Sie Fragen zur Organisation des Marktes haben wenden Sie sich bitte direkt an: adventsmarkt@sanktmatthias.de <\/p>\n\n\n\n<div class=\"wp-block-image\"><figure class=\"aligncenter size-large is-resized\"><a href=\"https:\/\/heimatverein-nieder-roden.de\/wp-content\/uploads\/2019\/11\/Plakat_A3_2019_mit_Zusatz-1.png\" target=\"_blank\" rel=\"noreferrer noopener\"><img decoding=\"async\" src=\"https:\/\/heimatverein-nieder-roden.de\/wp-content\/uploads\/2019\/11\/Plakat_A3_2019_mit_Zusatz-1.png\" alt=\"\" class=\"wp-image-1872\" width=\"414\" height=\"586\" srcset=\"https:\/\/heimatverein-nieder-roden.de\/wp-content\/uploads\/2019\/11\/Plakat_A3_2019_mit_Zusatz-1.png 482w, https:\/\/heimatverein-nieder-roden.de\/wp-content\/uploads\/2019\/11\/Plakat_A3_2019_mit_Zusatz-1-212x300.png 212w\" sizes=\"(max-width: 414px) 100vw, 414px\" \/><\/a><figcaption>Das Plakat der Organisatoren des Nieder-R\u00f6der Adventsmarktes 2019 &#8211; \u00a9 Pfarrgemeinde St. Matthias Nieder-Roden<\/figcaption><\/figure><\/div>\n","protected":false},"excerpt":{"rendered":"<p>Es ist wieder soweit: am 2. Adventswochende lockt der Nieder-R\u00f6der Adventsmarkt wieder seine Freunde &#8211; f\u00fcr viele Rodgauer der Weihnachtsmarkt mit der dichtesten Atmosph\u00e4re!<\/p><p><a class=\"more-link btn\" href=\"https:\/\/heimatverein-nieder-roden.de\/?p=1870\">Weiterlesen<\/a><\/p>\n","protected":false},"author":1,"featured_media":1880,"comment_status":"closed","ping_status":"closed","sticky":false,"template":"","format":"standard","meta":{"_coblocks_attr":"","_coblocks_dimensions":"","_coblocks_responsive_height":"","_coblocks_accordion_ie_support":"","footnotes":"","_share_on_mastodon":"0"},"categories":[92,597,6],"tags":[137,34,36,35,313],"class_list":["post-1870","post","type-post","status-publish","format-standard","has-post-thumbnail","hentry","category-adventsmarkt","category-adventsmarkt-2022-und-frueher","category-aktuell","tag-adventsmarkt","tag-akhnr","tag-arbeitskreis-fuer-heimatkunde","tag-arbeitskreis-fuer-heimatkunde-nieder-roden-e-v","tag-nieder-roeder-adventsmarkt","nodate"],"share_on_mastodon":{"url":"","error":""},"publishpress_future_action":{"enabled":false,"date":"2026-05-07 09:42:55","action":"category-remove","newStatus":"draft","terms":[],"taxonomy":"category","extraData":[]},"publishpress_future_workflow_manual_trigger":{"enabledWorkflows":[]},"_links":{"self":[{"href":"https:\/\/heimatverein-nieder-roden.de\/index.php?rest_route=\/wp\/v2\/posts\/1870","targetHints":{"allow":["GET"]}}],"collection":[{"href":"https:\/\/heimatverein-nieder-roden.de\/index.php?rest_route=\/wp\/v2\/posts"}],"about":[{"href":"https:\/\/heimatverein-nieder-roden.de\/index.php?rest_route=\/wp\/v2\/types\/post"}],"author":[{"embeddable":true,"href":"https:\/\/heimatverein-nieder-roden.de\/index.php?rest_route=\/wp\/v2\/users\/1"}],"replies":[{"embeddable":true,"href":"https:\/\/heimatverein-nieder-roden.de\/index.php?rest_route=%2Fwp%2Fv2%2Fcomments&post=1870"}],"version-history":[{"count":23,"href":"https:\/\/heimatverein-nieder-roden.de\/index.php?rest_route=\/wp\/v2\/posts\/1870\/revisions"}],"predecessor-version":[{"id":2017,"href":"https:\/\/heimatverein-nieder-roden.de\/index.php?rest_route=\/wp\/v2\/posts\/1870\/revisions\/2017"}],"wp:featuredmedia":[{"embeddable":true,"href":"https:\/\/heimatverein-nieder-roden.de\/index.php?rest_route=\/wp\/v2\/media\/1880"}],"wp:attachment":[{"href":"https:\/\/heimatverein-nieder-roden.de\/index.php?rest_route=%2Fwp%2Fv2%2Fmedia&parent=1870"}],"wp:term":[{"taxonomy":"category","embeddable":true,"href":"https:\/\/heimatverein-nieder-roden.de\/index.php?rest_route=%2Fwp%2Fv2%2Fcategories&post=1870"},{"taxonomy":"post_tag","embeddable":true,"href":"https:\/\/heimatverein-nieder-roden.de\/index.php?rest_route=%2Fwp%2Fv2%2Ftags&post=1870"}],"curies":[{"name":"wp","href":"https:\/\/api.w.org\/{rel}","templated":true}]}}