{"id":1858,"date":"2019-11-16T22:19:19","date_gmt":"2019-11-16T21:19:19","guid":{"rendered":"https:\/\/heimatverein-nieder-roden.de\/?p=1858"},"modified":"2019-11-21T18:41:17","modified_gmt":"2019-11-21T17:41:17","slug":"naechste-museumsoeffnung-am-16-11-2019-mit-einer-echten-zuercher-pfarrhaustorte","status":"publish","type":"post","link":"https:\/\/heimatverein-nieder-roden.de\/?p=1858","title":{"rendered":"N\u00e4chste Museums\u00f6ffnung am 16.11.2019 &#8211; mit einer echten &#8222;Z\u00fcrcher Pfarrhaustorte&#8220;"},"content":{"rendered":"\n<p>Am Sonntag, den 17. November 2019, \u00f6ffnet das Heimatmuseum in Nieder-Roden wieder seine Tore von 14 bis 18 Uhr. <\/p>\n\n\n\n<p class=\"has-text-color has-vivid-red-color\"><strong>Es ist die letzte \u00d6ffnung mit Jahresausstellung in diesem Jahr!<\/strong><\/p>\n\n\n\n<p>Nat\u00fcrlich gibt es wieder Kaffee, Kuchen und Getr\u00e4nke im Caf\u00e9, in der &#8222;Museumsstubb&#8220; des Heimatmuseums.<\/p>\n\n\n\n<p><strong>Als Besonderheit und zur Feier des letzten Ausstellungstages unserer Jahresausstellung gibt es eine echte &#8222;Z\u00fcrcher Pfarrhaustorte&#8220; zu probieren.<br>Aber seien Sie schnell! Nur so lange der Vorrat reicht!<\/strong><\/p>\n\n\n\n<p>Nutzen Sie auch die Gelegenheit, die Dauerausstellung im Obergeschoss des Heimatmuseums zu bestaunen. <\/p>\n\n\n\n<h3 class=\"wp-block-heading\">Dauerausstellung<\/h3>\n\n\n\n<p>Hier finden Sie verschiedene Themenr\u00e4ume, in denen Sie das Leben in Nieder-Roden im Zeitraum von ungef\u00e4hr 1900 bis 1960 dargestellt finden. <\/p>\n\n\n\n<p>Betrachten Sie dabei unter anderem die alte K\u00fcche, die \u201eGudd Stubb\u201c (Wohnzimmer), das Klassenzimmer, einen historischen Webstuhl und vieles mehr.<\/p>\n\n\n\n<figure class=\"wp-block-embed-wordpress wp-block-embed is-type-wp-embed is-provider-arbeitskreis-fur-heimatkunde-nieder-roden-e-v\"><div class=\"wp-block-embed__wrapper\">\n<blockquote class=\"wp-embedded-content\" data-secret=\"U4lO6mqh65\"><a href=\"https:\/\/heimatverein-nieder-roden.de\/?page_id=352\">Museum<\/a><\/blockquote><iframe class=\"wp-embedded-content\" sandbox=\"allow-scripts\" security=\"restricted\" style=\"position: absolute; clip: rect(1px, 1px, 1px, 1px);\" title=\"&#8222;Museum&#8220; &#8212; Arbeitskreis f\u00fcr Heimatkunde Nieder-Roden e. V.\" src=\"https:\/\/heimatverein-nieder-roden.de\/?page_id=352&#038;embed=true#?secret=U4lO6mqh65\" data-secret=\"U4lO6mqh65\" width=\"600\" height=\"338\" frameborder=\"0\" marginwidth=\"0\" marginheight=\"0\" scrolling=\"no\"><\/iframe>\n<\/div><\/figure>\n\n\n\n<p>Es gibt aber nicht nur die Dauerausstellung zu sehen. <\/p>\n\n\n\n<h3 class=\"wp-block-heading\">Jahresausstellung<\/h3>\n\n\n\n<p>Besuchen Sie au\u00dferdem die Jahresausstellung &#8222;Von Ihm \u2013 durch Ihn \u2013 zu Ihm&#8220;<br>zu 50 Jahren Evangelischer Kirchengemeinde Nieder-Roden.<\/p>\n\n\n\n<p>In 5 Abschnitten f\u00fchren wir sie hier von der Gr\u00fcndung der Gemeinde, \u00fcber den Umzug hin zur Entwicklung im neuen Ort und stellen die Gemeinde heute vor.<\/p>\n\n\n\n<blockquote class=\"wp-block-quote has-text-align-center is-layout-flow wp-block-quote-is-layout-flow\"><p>Es ist die <strong>letzte <\/strong>Gelegenheit <br>zum Besuch der Jahresausstellung!<\/p><\/blockquote>\n\n\n\n<figure class=\"wp-block-embed-wordpress aligncenter wp-block-embed is-type-wp-embed is-provider-arbeitskreis-fur-heimatkunde-nieder-roden-e-v\"><div class=\"wp-block-embed__wrapper\">\n<blockquote class=\"wp-embedded-content\" data-secret=\"6foBzXvjKX\"><a href=\"https:\/\/heimatverein-nieder-roden.de\/?page_id=384\">Jahresausstellung<\/a><\/blockquote><iframe class=\"wp-embedded-content\" sandbox=\"allow-scripts\" security=\"restricted\" style=\"position: absolute; clip: rect(1px, 1px, 1px, 1px);\" title=\"&#8222;Jahresausstellung&#8220; &#8212; Arbeitskreis f\u00fcr Heimatkunde Nieder-Roden e. V.\" src=\"https:\/\/heimatverein-nieder-roden.de\/?page_id=384&#038;embed=true#?secret=6foBzXvjKX\" data-secret=\"6foBzXvjKX\" width=\"600\" height=\"338\" frameborder=\"0\" marginwidth=\"0\" marginheight=\"0\" scrolling=\"no\"><\/iframe>\n<\/div><\/figure>\n","protected":false},"excerpt":{"rendered":"<p>Am Sonntag, den 17. November 2019, \u00f6ffnet das Heimatmuseum in Nieder-Roden wieder seine Tore, von 14 bis 18 Uhr. Es ist die letzte \u00d6ffnung mit Jahresausstellung in diesem Jahr!<\/p><p><a class=\"more-link btn\" href=\"https:\/\/heimatverein-nieder-roden.de\/?p=1858\">Weiterlesen<\/a><\/p>\n","protected":false},"author":1,"featured_media":1066,"comment_status":"closed","ping_status":"closed","sticky":false,"template":"","format":"standard","meta":{"_coblocks_attr":"","_coblocks_dimensions":"","_coblocks_responsive_height":"","_coblocks_accordion_ie_support":"","footnotes":"","_share_on_mastodon":"0"},"categories":[6,9],"tags":[],"class_list":["post-1858","post","type-post","status-publish","format-standard","has-post-thumbnail","hentry","category-aktuell","category-museumsoeffnungen","nodate"],"share_on_mastodon":{"url":"","error":""},"publishpress_future_action":{"enabled":false,"date":"2026-05-07 08:38:26","action":"category-remove","newStatus":"draft","terms":[],"taxonomy":"category","extraData":[]},"publishpress_future_workflow_manual_trigger":{"enabledWorkflows":[]},"_links":{"self":[{"href":"https:\/\/heimatverein-nieder-roden.de\/index.php?rest_route=\/wp\/v2\/posts\/1858","targetHints":{"allow":["GET"]}}],"collection":[{"href":"https:\/\/heimatverein-nieder-roden.de\/index.php?rest_route=\/wp\/v2\/posts"}],"about":[{"href":"https:\/\/heimatverein-nieder-roden.de\/index.php?rest_route=\/wp\/v2\/types\/post"}],"author":[{"embeddable":true,"href":"https:\/\/heimatverein-nieder-roden.de\/index.php?rest_route=\/wp\/v2\/users\/1"}],"replies":[{"embeddable":true,"href":"https:\/\/heimatverein-nieder-roden.de\/index.php?rest_route=%2Fwp%2Fv2%2Fcomments&post=1858"}],"version-history":[{"count":3,"href":"https:\/\/heimatverein-nieder-roden.de\/index.php?rest_route=\/wp\/v2\/posts\/1858\/revisions"}],"predecessor-version":[{"id":1861,"href":"https:\/\/heimatverein-nieder-roden.de\/index.php?rest_route=\/wp\/v2\/posts\/1858\/revisions\/1861"}],"wp:featuredmedia":[{"embeddable":true,"href":"https:\/\/heimatverein-nieder-roden.de\/index.php?rest_route=\/wp\/v2\/media\/1066"}],"wp:attachment":[{"href":"https:\/\/heimatverein-nieder-roden.de\/index.php?rest_route=%2Fwp%2Fv2%2Fmedia&parent=1858"}],"wp:term":[{"taxonomy":"category","embeddable":true,"href":"https:\/\/heimatverein-nieder-roden.de\/index.php?rest_route=%2Fwp%2Fv2%2Fcategories&post=1858"},{"taxonomy":"post_tag","embeddable":true,"href":"https:\/\/heimatverein-nieder-roden.de\/index.php?rest_route=%2Fwp%2Fv2%2Ftags&post=1858"}],"curies":[{"name":"wp","href":"https:\/\/api.w.org\/{rel}","templated":true}]}}