{"id":1817,"date":"2019-11-21T18:51:00","date_gmt":"2019-11-21T17:51:00","guid":{"rendered":"https:\/\/heimatverein-nieder-roden.de\/?p=1817"},"modified":"2019-11-25T23:19:02","modified_gmt":"2019-11-25T22:19:02","slug":"heimat-filmnacht-2019-nachholtermine-festgelegt","status":"publish","type":"post","link":"https:\/\/heimatverein-nieder-roden.de\/?p=1817","title":{"rendered":"Heimat-Filmnacht 2019 &#8211; Nachholtermine festgelegt!"},"content":{"rendered":"\n<figure class=\"wp-block-image\"><img decoding=\"async\" width=\"1024\" height=\"512\" src=\"https:\/\/heimatverein-nieder-roden.de\/wp-content\/uploads\/2019\/07\/AKHNR_Heimat-Filmnacht_Symbolbild-1024x512.png\" alt=\"\" class=\"wp-image-1430\" srcset=\"https:\/\/heimatverein-nieder-roden.de\/wp-content\/uploads\/2019\/07\/AKHNR_Heimat-Filmnacht_Symbolbild-1024x512.png 1024w, https:\/\/heimatverein-nieder-roden.de\/wp-content\/uploads\/2019\/07\/AKHNR_Heimat-Filmnacht_Symbolbild-300x150.png 300w, https:\/\/heimatverein-nieder-roden.de\/wp-content\/uploads\/2019\/07\/AKHNR_Heimat-Filmnacht_Symbolbild-768x384.png 768w, https:\/\/heimatverein-nieder-roden.de\/wp-content\/uploads\/2019\/07\/AKHNR_Heimat-Filmnacht_Symbolbild-375x187.png 375w, https:\/\/heimatverein-nieder-roden.de\/wp-content\/uploads\/2019\/07\/AKHNR_Heimat-Filmnacht_Symbolbild.png 2000w\" sizes=\"(max-width: 1024px) 100vw, 1024px\" \/><\/figure>\n\n\n\n<p>Die Heimat-Filmnacht musste am daf\u00fcr vorgesehenen Termin leider witterungsbedingt ausfallen. Der schwere Sturm, der gro\u00dfe Sch\u00e4den vor allem in Rodgau verursacht hat, machte uns einen Strich durch die Rechnung.<\/p>\n\n\n\n<p>Wir freuen uns daher sehr, dass wir nicht nur einen, sondern sogar zwei Nachholtermine finden konnten.<br>Die Filmnacht wird nachgeholt am 22. und 23. November, also freitags und samtags.<\/p>\n\n\n\n<p>An beiden Terminen zeigen wir die gleichen Inhalte und bleiben dabei im wetterfesten, sch\u00f6n geheizten Museum. Da wir erfahrungsgem\u00e4\u00df eine gro\u00dfe Nachfrage erwarten, bieten wir 2 Termine an.<\/p>\n\n\n\n<blockquote class=\"wp-block-quote has-text-align-center is-layout-flow wp-block-quote-is-layout-flow\"><p>Freitag, 22. November, 19:00 Uhr<br>Samstag, 23. November, 16:00 Uhr<\/p><\/blockquote>\n\n\n\n<p>Der Einlass startet jeweils eine Stunde fr\u00fcher.<br>F\u00fcr Getr\u00e4nke ist gesorgt.<\/p>\n\n\n\n<p>Wir werden als Schwerpunkt einen Film vom Kreisfeuerwehrfest 1956 zeigen. <br>Zu sehen sind dabei herrliche Aufnahmen von Feuerwehr-\u00dcbungen im Altort und den Feierlichkeiten. Au\u00dferdem wird der AKHNR \u00fcber den aktuellen Stand der Digitalisierung berichten. <\/p>\n\n\n\n<p>Zu diesem Anlass m\u00f6chte der AKHNR erneut alle Mitb\u00fcrger bitten, in ihren  eigenen &#8222;Archiven&#8220; sowohl nach alten privaten Ton- oder Filmaufnahmen,  als auch nach alten Fotos zu suchen, und diese entweder an diesem Abend mitzubringen oder die Vereinsmitglieder dar\u00fcber zu informieren. <br>Es besteht evtl. die M\u00f6glichkeit, auch dieses Material zu digitalisieren.  <\/p>\n\n\n\n<p class=\"has-text-align-center\"><strong>Besuchen Sie uns. Wir freuen uns auf Sie!<\/strong><\/p>\n","protected":false},"excerpt":{"rendered":"<p>Die Heimat-Filmnacht musste am daf\u00fcr vorgesehenen Termin leider witterungsbedingt ausfallen. Der schwere Sturm, der gro\u00dfe Sch\u00e4den vor allem in Rodgau verursacht hat, machte uns einen Strich durch die Rechnung. Wir freuen uns daher sehr, dass wir nicht nur einen, sondern sogar zwei Nachholtermine finden konnten.Die Filmnacht wird nachgeholt am 22. und 23. November, also freitags &hellip; <\/p>\n<p><a class=\"more-link btn\" href=\"https:\/\/heimatverein-nieder-roden.de\/?p=1817\">Weiterlesen<\/a><\/p>\n","protected":false},"author":1,"featured_media":1430,"comment_status":"closed","ping_status":"closed","sticky":false,"template":"","format":"standard","meta":{"_coblocks_attr":"","_coblocks_dimensions":"","_coblocks_responsive_height":"","_coblocks_accordion_ie_support":"","footnotes":"","_share_on_mastodon":"0"},"categories":[6,60],"tags":[65,34,35,61,62],"class_list":["post-1817","post","type-post","status-publish","format-standard","has-post-thumbnail","hentry","category-aktuell","category-filmnacht","tag-16mm-filme","tag-akhnr","tag-arbeitskreis-fuer-heimatkunde-nieder-roden-e-v","tag-filmnacht","tag-heimat-filmnacht","nodate"],"share_on_mastodon":{"url":"","error":""},"publishpress_future_action":{"enabled":false,"date":"2026-05-07 00:15:16","action":"category-remove","newStatus":"draft","terms":[],"taxonomy":"category","extraData":[]},"publishpress_future_workflow_manual_trigger":{"enabledWorkflows":[]},"_links":{"self":[{"href":"https:\/\/heimatverein-nieder-roden.de\/index.php?rest_route=\/wp\/v2\/posts\/1817","targetHints":{"allow":["GET"]}}],"collection":[{"href":"https:\/\/heimatverein-nieder-roden.de\/index.php?rest_route=\/wp\/v2\/posts"}],"about":[{"href":"https:\/\/heimatverein-nieder-roden.de\/index.php?rest_route=\/wp\/v2\/types\/post"}],"author":[{"embeddable":true,"href":"https:\/\/heimatverein-nieder-roden.de\/index.php?rest_route=\/wp\/v2\/users\/1"}],"replies":[{"embeddable":true,"href":"https:\/\/heimatverein-nieder-roden.de\/index.php?rest_route=%2Fwp%2Fv2%2Fcomments&post=1817"}],"version-history":[{"count":3,"href":"https:\/\/heimatverein-nieder-roden.de\/index.php?rest_route=\/wp\/v2\/posts\/1817\/revisions"}],"predecessor-version":[{"id":1864,"href":"https:\/\/heimatverein-nieder-roden.de\/index.php?rest_route=\/wp\/v2\/posts\/1817\/revisions\/1864"}],"wp:featuredmedia":[{"embeddable":true,"href":"https:\/\/heimatverein-nieder-roden.de\/index.php?rest_route=\/wp\/v2\/media\/1430"}],"wp:attachment":[{"href":"https:\/\/heimatverein-nieder-roden.de\/index.php?rest_route=%2Fwp%2Fv2%2Fmedia&parent=1817"}],"wp:term":[{"taxonomy":"category","embeddable":true,"href":"https:\/\/heimatverein-nieder-roden.de\/index.php?rest_route=%2Fwp%2Fv2%2Fcategories&post=1817"},{"taxonomy":"post_tag","embeddable":true,"href":"https:\/\/heimatverein-nieder-roden.de\/index.php?rest_route=%2Fwp%2Fv2%2Ftags&post=1817"}],"curies":[{"name":"wp","href":"https:\/\/api.w.org\/{rel}","templated":true}]}}