{"id":1790,"date":"2019-11-06T12:12:20","date_gmt":"2019-11-06T11:12:20","guid":{"rendered":"https:\/\/heimatverein-nieder-roden.de\/?p=1790"},"modified":"2019-11-12T23:16:41","modified_gmt":"2019-11-12T22:16:41","slug":"sankt-martin-2019","status":"publish","type":"post","link":"https:\/\/heimatverein-nieder-roden.de\/?p=1790","title":{"rendered":"Sankt Martin 2019"},"content":{"rendered":"\n<div class=\"wp-block-image\"><figure class=\"aligncenter is-resized\"><a href=\"https:\/\/heimatverein-nieder-roden.de\/wp-content\/uploads\/2019\/10\/2019-10-24_AKHNR_\u00d6ffnung-Martinstag-2019_Plakat-DIN-A2_426x600mm_v1.1_Reduz-2MP.png\"><img decoding=\"async\" src=\"https:\/\/heimatverein-nieder-roden.de\/wp-content\/uploads\/2019\/10\/2019-10-24_AKHNR_\u00d6ffnung-Martinstag-2019_Plakat-DIN-A2_426x600mm_v1.1_Reduz-2MP-727x1024.png\" alt=\"\" class=\"wp-image-1791\" width=\"423\" height=\"595\" srcset=\"https:\/\/heimatverein-nieder-roden.de\/wp-content\/uploads\/2019\/10\/2019-10-24_AKHNR_\u00d6ffnung-Martinstag-2019_Plakat-DIN-A2_426x600mm_v1.1_Reduz-2MP-727x1024.png 727w, https:\/\/heimatverein-nieder-roden.de\/wp-content\/uploads\/2019\/10\/2019-10-24_AKHNR_\u00d6ffnung-Martinstag-2019_Plakat-DIN-A2_426x600mm_v1.1_Reduz-2MP-213x300.png 213w, https:\/\/heimatverein-nieder-roden.de\/wp-content\/uploads\/2019\/10\/2019-10-24_AKHNR_\u00d6ffnung-Martinstag-2019_Plakat-DIN-A2_426x600mm_v1.1_Reduz-2MP-768x1082.png 768w, https:\/\/heimatverein-nieder-roden.de\/wp-content\/uploads\/2019\/10\/2019-10-24_AKHNR_\u00d6ffnung-Martinstag-2019_Plakat-DIN-A2_426x600mm_v1.1_Reduz-2MP-560x789.png 560w, https:\/\/heimatverein-nieder-roden.de\/wp-content\/uploads\/2019\/10\/2019-10-24_AKHNR_\u00d6ffnung-Martinstag-2019_Plakat-DIN-A2_426x600mm_v1.1_Reduz-2MP.png 1191w\" sizes=\"(max-width: 423px) 100vw, 423px\" \/><\/a><figcaption>Plakat zum Martinsumzug 2019.<\/figcaption><\/figure><\/div>\n\n\n\n<p>Am Montag, den 11. November 2019, feiern wir im Nieder-R\u00f6der Altort den Martinstag. <br>Organisator ist die Pfarrjugend der Katholischen Pfarrgemeinde St. Matthias Nieder-Roden.<\/p>\n\n\n\n<div class=\"wp-block-image\"><figure class=\"aligncenter is-resized\"><a href=\"http:\/\/www.pfarrjugend.org\/\" target=\"_blank\" rel=\"noreferrer noopener\"><img decoding=\"async\" src=\"https:\/\/heimatverein-nieder-roden.de\/wp-content\/uploads\/2019\/10\/St-Matth_Pfarrjugend_Logo_nsmail-828x1024.png\" alt=\"\" class=\"wp-image-1796\" width=\"163\" height=\"201\" srcset=\"https:\/\/heimatverein-nieder-roden.de\/wp-content\/uploads\/2019\/10\/St-Matth_Pfarrjugend_Logo_nsmail-828x1024.png 828w, https:\/\/heimatverein-nieder-roden.de\/wp-content\/uploads\/2019\/10\/St-Matth_Pfarrjugend_Logo_nsmail-243x300.png 243w, https:\/\/heimatverein-nieder-roden.de\/wp-content\/uploads\/2019\/10\/St-Matth_Pfarrjugend_Logo_nsmail-768x950.png 768w, https:\/\/heimatverein-nieder-roden.de\/wp-content\/uploads\/2019\/10\/St-Matth_Pfarrjugend_Logo_nsmail-560x693.png 560w, https:\/\/heimatverein-nieder-roden.de\/wp-content\/uploads\/2019\/10\/St-Matth_Pfarrjugend_Logo_nsmail.png 945w\" sizes=\"(max-width: 163px) 100vw, 163px\" \/><\/a><figcaption>Pfarrjugend St. Matthias Nieder-Roden.<\/figcaption><\/figure><\/div>\n\n\n\n<h3 class=\"wp-block-heading\">Der Verlauf<\/h3>\n\n\n\n<p><strong>Um 17:00 Uhr beginnt das neu entwickelte Martinsspiel<\/strong> auf dem Vorplatz der Kita Otzbergstra\u00dfe. Anschlie\u00dfend zieht der Martinszug zur Bahn, zum Kr\u00fcmmlingsweg und durch die Schulstra\u00dfe zur Turmstra\u00dfe.<\/p>\n\n\n\n<blockquote style=\"text-align:center\" class=\"wp-block-quote is-layout-flow wp-block-quote-is-layout-flow\"><p>Der Umzug endet auf dem Kirchplatz, am Heimatmuseum!<\/p><\/blockquote>\n\n\n\n<figure class=\"wp-block-image\"><a href=\"https:\/\/heimatverein-nieder-roden.de\/wp-content\/uploads\/2019\/10\/2019-10-13_AKHNR_\u00d6ffnung-Martinstag-2019-11-11_Verlaufskarte_v1.0_reduz-2MP.png\"><img decoding=\"async\" width=\"1024\" height=\"565\" src=\"https:\/\/heimatverein-nieder-roden.de\/wp-content\/uploads\/2019\/10\/2019-10-13_AKHNR_\u00d6ffnung-Martinstag-2019-11-11_Verlaufskarte_v1.0_reduz-2MP-1024x565.png\" alt=\"\" class=\"wp-image-1794\" srcset=\"https:\/\/heimatverein-nieder-roden.de\/wp-content\/uploads\/2019\/10\/2019-10-13_AKHNR_\u00d6ffnung-Martinstag-2019-11-11_Verlaufskarte_v1.0_reduz-2MP-1024x565.png 1024w, https:\/\/heimatverein-nieder-roden.de\/wp-content\/uploads\/2019\/10\/2019-10-13_AKHNR_\u00d6ffnung-Martinstag-2019-11-11_Verlaufskarte_v1.0_reduz-2MP-300x166.png 300w, https:\/\/heimatverein-nieder-roden.de\/wp-content\/uploads\/2019\/10\/2019-10-13_AKHNR_\u00d6ffnung-Martinstag-2019-11-11_Verlaufskarte_v1.0_reduz-2MP-768x424.png 768w, https:\/\/heimatverein-nieder-roden.de\/wp-content\/uploads\/2019\/10\/2019-10-13_AKHNR_\u00d6ffnung-Martinstag-2019-11-11_Verlaufskarte_v1.0_reduz-2MP-560x309.png 560w, https:\/\/heimatverein-nieder-roden.de\/wp-content\/uploads\/2019\/10\/2019-10-13_AKHNR_\u00d6ffnung-Martinstag-2019-11-11_Verlaufskarte_v1.0_reduz-2MP.png 1903w\" sizes=\"(max-width: 1024px) 100vw, 1024px\" \/><\/a><figcaption>Verlauf des Martinsumzuges 2019<br>\u00a9AKHNR (Kartenmaterial: openstreetmaps.org)<\/figcaption><\/figure>\n\n\n\n<blockquote style=\"text-align:center\" class=\"wp-block-quote is-layout-flow wp-block-quote-is-layout-flow\"><p>Ab 16:30 Uhr ist das Museum ge\u00f6ffnet!<\/p><\/blockquote>\n\n\n\n<h3 class=\"wp-block-heading\">Verpflegung gesichert<\/h3>\n\n\n\n<p>F\u00fcr alle, die nicht mitlaufen k\u00f6nnen oder wollen steht das mollig warme und gem\u00fctlich dekorierte Heimatmuseum, ab 16:30 Uhr offen. Hier gibt es auch hei\u00dfe Suppe, und Getr\u00e4nke. Im Freien versorgt die<br>Pfarrjugend Sie mit Gl\u00fchwein, hei\u00dfem O-Saft und Weckm\u00e4nnern, w\u00e4hrend sich die Frierenden an einem Lagerfeuer w\u00e4rmen k\u00f6nnen.<\/p>\n\n\n\n<p><strong>Besuchen Sie uns. Wir freuen uns auf Sie!<\/strong><\/p>\n\n\n\n<p style=\"text-align:center\"> Hier gibts den Flyer zum Martinstag 2019 mit allen Infos: <\/p>\n\n\n\n<ul class=\"wp-block-gallery columns-2 is-cropped wp-block-gallery-1 is-layout-flex wp-block-gallery-is-layout-flex\"><li class=\"blocks-gallery-item\"><figure><a href=\"https:\/\/heimatverein-nieder-roden.de\/wp-content\/uploads\/2019\/10\/2019-10-24_AKHNR_\u00d6ffnung-Martinstag-2019_Flyer-DIN-lang_Vorderseite_111x216mm_v1.0-526x1024.png\"><img decoding=\"async\" width=\"526\" height=\"1024\" src=\"https:\/\/heimatverein-nieder-roden.de\/wp-content\/uploads\/2019\/10\/2019-10-24_AKHNR_\u00d6ffnung-Martinstag-2019_Flyer-DIN-lang_Vorderseite_111x216mm_v1.0-526x1024.png\" alt=\"\" data-id=\"1821\" data-link=\"https:\/\/heimatverein-nieder-roden.de\/?attachment_id=1821\" class=\"wp-image-1821\" srcset=\"https:\/\/heimatverein-nieder-roden.de\/wp-content\/uploads\/2019\/10\/2019-10-24_AKHNR_\u00d6ffnung-Martinstag-2019_Flyer-DIN-lang_Vorderseite_111x216mm_v1.0-526x1024.png 526w, https:\/\/heimatverein-nieder-roden.de\/wp-content\/uploads\/2019\/10\/2019-10-24_AKHNR_\u00d6ffnung-Martinstag-2019_Flyer-DIN-lang_Vorderseite_111x216mm_v1.0-154x300.png 154w, https:\/\/heimatverein-nieder-roden.de\/wp-content\/uploads\/2019\/10\/2019-10-24_AKHNR_\u00d6ffnung-Martinstag-2019_Flyer-DIN-lang_Vorderseite_111x216mm_v1.0-768x1494.png 768w, https:\/\/heimatverein-nieder-roden.de\/wp-content\/uploads\/2019\/10\/2019-10-24_AKHNR_\u00d6ffnung-Martinstag-2019_Flyer-DIN-lang_Vorderseite_111x216mm_v1.0-560x1090.png 560w, https:\/\/heimatverein-nieder-roden.de\/wp-content\/uploads\/2019\/10\/2019-10-24_AKHNR_\u00d6ffnung-Martinstag-2019_Flyer-DIN-lang_Vorderseite_111x216mm_v1.0.png 1311w\" sizes=\"(max-width: 526px) 100vw, 526px\" \/><\/a><figcaption>Der Flyer zur Museums\u00f6ffnung am Martinstag 2019. Seite 1 von 2. &#8211; \u00a9AKHNR<\/figcaption><\/figure><\/li><li class=\"blocks-gallery-item\"><figure><a href=\"https:\/\/heimatverein-nieder-roden.de\/wp-content\/uploads\/2019\/10\/2019-10-24_AKHNR_\u00d6ffnung-Martinstag-2019_Flyer-DIN-lang_R\u00fcckseite_111x216mm_v1.0-526x1024.png\"><img decoding=\"async\" width=\"526\" height=\"1024\" src=\"https:\/\/heimatverein-nieder-roden.de\/wp-content\/uploads\/2019\/10\/2019-10-24_AKHNR_\u00d6ffnung-Martinstag-2019_Flyer-DIN-lang_R\u00fcckseite_111x216mm_v1.0-526x1024.png\" alt=\"\" data-id=\"1820\" data-link=\"https:\/\/heimatverein-nieder-roden.de\/?attachment_id=1820\" class=\"wp-image-1820\" srcset=\"https:\/\/heimatverein-nieder-roden.de\/wp-content\/uploads\/2019\/10\/2019-10-24_AKHNR_\u00d6ffnung-Martinstag-2019_Flyer-DIN-lang_R\u00fcckseite_111x216mm_v1.0-526x1024.png 526w, https:\/\/heimatverein-nieder-roden.de\/wp-content\/uploads\/2019\/10\/2019-10-24_AKHNR_\u00d6ffnung-Martinstag-2019_Flyer-DIN-lang_R\u00fcckseite_111x216mm_v1.0-154x300.png 154w, https:\/\/heimatverein-nieder-roden.de\/wp-content\/uploads\/2019\/10\/2019-10-24_AKHNR_\u00d6ffnung-Martinstag-2019_Flyer-DIN-lang_R\u00fcckseite_111x216mm_v1.0-768x1494.png 768w, https:\/\/heimatverein-nieder-roden.de\/wp-content\/uploads\/2019\/10\/2019-10-24_AKHNR_\u00d6ffnung-Martinstag-2019_Flyer-DIN-lang_R\u00fcckseite_111x216mm_v1.0-560x1090.png 560w, https:\/\/heimatverein-nieder-roden.de\/wp-content\/uploads\/2019\/10\/2019-10-24_AKHNR_\u00d6ffnung-Martinstag-2019_Flyer-DIN-lang_R\u00fcckseite_111x216mm_v1.0.png 1311w\" sizes=\"(max-width: 526px) 100vw, 526px\" \/><\/a><figcaption>Der Flyer zur Museums\u00f6ffnung am Martinstag 2019. Seite 2 von 2. &#8211; \u00a9AKHNR<\/figcaption><\/figure><\/li><\/ul>\n","protected":false},"excerpt":{"rendered":"<p>Am Montag, den 11. November 2019, feiern wir im Nieder-R\u00f6der Altort den Martinstag.<\/p><p><a class=\"more-link btn\" href=\"https:\/\/heimatverein-nieder-roden.de\/?p=1790\">Weiterlesen<\/a><\/p>\n","protected":false},"author":1,"featured_media":1809,"comment_status":"closed","ping_status":"closed","sticky":false,"template":"","format":"standard","meta":{"_coblocks_attr":"","_coblocks_dimensions":"","_coblocks_responsive_height":"","_coblocks_accordion_ie_support":"","footnotes":"","_share_on_mastodon":"0"},"categories":[6,93,9],"tags":[34,35,127,126,133,129,130,132,128],"class_list":["post-1790","post","type-post","status-publish","format-standard","has-post-thumbnail","hentry","category-aktuell","category-martinstag","category-museumsoeffnungen","tag-akhnr","tag-arbeitskreis-fuer-heimatkunde-nieder-roden-e-v","tag-martinstag","tag-martinsumzug","tag-pfarrgemeinde-sankt-matthias","tag-pfarrjugend","tag-pferd","tag-ross","tag-sankt-martin","nodate"],"share_on_mastodon":{"url":"","error":""},"publishpress_future_action":{"enabled":false,"date":"2026-05-07 04:39:28","action":"category-remove","newStatus":"draft","terms":[],"taxonomy":"category","extraData":[]},"publishpress_future_workflow_manual_trigger":{"enabledWorkflows":[]},"_links":{"self":[{"href":"https:\/\/heimatverein-nieder-roden.de\/index.php?rest_route=\/wp\/v2\/posts\/1790","targetHints":{"allow":["GET"]}}],"collection":[{"href":"https:\/\/heimatverein-nieder-roden.de\/index.php?rest_route=\/wp\/v2\/posts"}],"about":[{"href":"https:\/\/heimatverein-nieder-roden.de\/index.php?rest_route=\/wp\/v2\/types\/post"}],"author":[{"embeddable":true,"href":"https:\/\/heimatverein-nieder-roden.de\/index.php?rest_route=\/wp\/v2\/users\/1"}],"replies":[{"embeddable":true,"href":"https:\/\/heimatverein-nieder-roden.de\/index.php?rest_route=%2Fwp%2Fv2%2Fcomments&post=1790"}],"version-history":[{"count":13,"href":"https:\/\/heimatverein-nieder-roden.de\/index.php?rest_route=\/wp\/v2\/posts\/1790\/revisions"}],"predecessor-version":[{"id":1823,"href":"https:\/\/heimatverein-nieder-roden.de\/index.php?rest_route=\/wp\/v2\/posts\/1790\/revisions\/1823"}],"wp:featuredmedia":[{"embeddable":true,"href":"https:\/\/heimatverein-nieder-roden.de\/index.php?rest_route=\/wp\/v2\/media\/1809"}],"wp:attachment":[{"href":"https:\/\/heimatverein-nieder-roden.de\/index.php?rest_route=%2Fwp%2Fv2%2Fmedia&parent=1790"}],"wp:term":[{"taxonomy":"category","embeddable":true,"href":"https:\/\/heimatverein-nieder-roden.de\/index.php?rest_route=%2Fwp%2Fv2%2Fcategories&post=1790"},{"taxonomy":"post_tag","embeddable":true,"href":"https:\/\/heimatverein-nieder-roden.de\/index.php?rest_route=%2Fwp%2Fv2%2Ftags&post=1790"}],"curies":[{"name":"wp","href":"https:\/\/api.w.org\/{rel}","templated":true}]}}