{"id":1607,"date":"2019-10-02T13:04:41","date_gmt":"2019-10-02T11:04:41","guid":{"rendered":"http:\/\/heimatverein-nieder-roden.de\/?p=1607"},"modified":"2019-10-22T21:54:30","modified_gmt":"2019-10-22T19:54:30","slug":"jubilaeumskonzert-der-rodgau-jazz-bigband","status":"publish","type":"post","link":"https:\/\/heimatverein-nieder-roden.de\/?p=1607","title":{"rendered":"Jubil\u00e4umskonzert der Rodgau Jazz Bigband"},"content":{"rendered":"\n<p>Die Rodgau Jazz Bigband des Musikvereins Nieder-Roden (MVN) z\u00e4hlt in diesem Jahr ihr 40-j\u00e4hriges Bestehen.<\/p>\n\n\n\n<div class=\"wp-block-image\"><figure class=\"alignleft is-resized\"><a href=\"https:\/\/www.mv-nieder-roden.de\/aktuelles\/\"><img decoding=\"async\" src=\"http:\/\/heimatverein-nieder-roden.de\/wp-content\/uploads\/2019\/02\/2019-02-17_AKHNR_MVN-Logo_selbstgeb_v1.0-1024x469.png\" alt=\"\" class=\"wp-image-557\" width=\"310\" height=\"142\" srcset=\"https:\/\/heimatverein-nieder-roden.de\/wp-content\/uploads\/2019\/02\/2019-02-17_AKHNR_MVN-Logo_selbstgeb_v1.0-1024x469.png 1024w, https:\/\/heimatverein-nieder-roden.de\/wp-content\/uploads\/2019\/02\/2019-02-17_AKHNR_MVN-Logo_selbstgeb_v1.0-300x137.png 300w, https:\/\/heimatverein-nieder-roden.de\/wp-content\/uploads\/2019\/02\/2019-02-17_AKHNR_MVN-Logo_selbstgeb_v1.0-768x352.png 768w\" sizes=\"(max-width: 310px) 100vw, 310px\" \/><\/a><figcaption>Das Logo des Musikvereins Nieder-Roden e. V.<\/figcaption><\/figure><\/div>\n\n\n\n<p>Gefeiert wird standesgem\u00e4\u00df mit einem Jubil\u00e4umskonzert. <\/p>\n\n\n\n<p>Im Rahmen der Kooperation mit dem MVN  unterst\u00fctzt der Arbeitskreis f\u00fcr Heimatkunde Nieder-Roden e. V. diese Veranstaltung und w\u00fcnscht gutes Gelingen!<\/p>\n\n\n\n<p>Unseren Mitgliedern und Freunden empfehlen wir den Besuch des Konzertes!<\/p>\n\n\n\n<p>Pressemeldung des MVN vom 06.10.2019:<\/p>\n\n\n\n<h3 class=\"wp-block-heading\">40 Jahre zwischen Tradition &amp; Experiment<\/h3>\n\n\n\n<p>Am Samstag, dem\n19.Oktober 2019 ab 19:30 Uhr, werden im B\u00fcrgerhaus Nieder-Roden diese vierzig\nJahre Big-Band Jazz zwischen Tradition und Experiment mit vielen musikalischen\nG\u00e4sten geb\u00fchrend gefeiert. Denn 1979, im gleichen Jahr, als Sonys erster\nWalkman auf den Markt kam, wurde die Rodgau-Jazz-Big-Band (damals als Rodgau\nBrass Band) von Musiker*innen des Musikverein Nieder-Roden gegr\u00fcndet.<\/p>\n\n\n\n<div class=\"wp-block-image\"><figure class=\"aligncenter is-resized\"><img decoding=\"async\" src=\"http:\/\/heimatverein-nieder-roden.de\/wp-content\/uploads\/2019\/10\/MVN_RodJezzBigBand_40-Jahre-Jub_Konzert_Plakat.png\" alt=\"\" class=\"wp-image-1613\" width=\"242\" height=\"342\" srcset=\"https:\/\/heimatverein-nieder-roden.de\/wp-content\/uploads\/2019\/10\/MVN_RodJezzBigBand_40-Jahre-Jub_Konzert_Plakat.png 392w, https:\/\/heimatverein-nieder-roden.de\/wp-content\/uploads\/2019\/10\/MVN_RodJezzBigBand_40-Jahre-Jub_Konzert_Plakat-212x300.png 212w\" sizes=\"(max-width: 242px) 100vw, 242px\" \/><figcaption>Plakat zum Jubil\u00e4umskonzert &#8211; 40 Jahre Rodgau Jazz Bigband &#8211; \u00a9 MVN<\/figcaption><\/figure><\/div>\n\n\n\n<p>Neben zahlreichen regionalen\nAuftritten (u.a. mehrmals im renommierten Jazzkeller Frankfurt) wurde die Band \u2013\nauf dem Foto nur in Teilen zu sehen \u2013 bei namhaften Jazzfestivals im In- und\nAusland (Prag, Pilsen, Sl\u00e1ny, Idstein, Bingen etc.) gebucht und war Gast in\nWiesbadens Rhein-Main Halle und bei Open-Airs auf dem Frankfurter R\u00f6merberg.\nAber auch ihre beiden CDs: \u201e:Stopover\u201c und \u201eTHE 2nd ONE\u201c sowie ihr\nau\u00dfergew\u00f6hnliches Konzept ohne Dirigent sondern mit dem Credo: \u201eDie Gruppe wei\u00df\nmehr als der Einzelne\u201c haben ihr schon viele positive Besprechungen in\ninternationalen Musikmagazinen eingebracht.<\/p>\n\n\n\n<p>Das Jubil\u00e4umsprogramm\nwird mit drei hervorragenden Gesangssolist\/innen aufwarten: der Leads\u00e4ngerin der\nRodgau Monotones, <strong>Kerstin Pfau<\/strong>, die bereits 1987 bei Big-Band Konzerten\ndabei war, dem Singer, Songwriter und Producer <strong>J\u00f6rg Dewald (JD Wood)<\/strong>,\nder als Trompeter viele Jahre dazu geh\u00f6rte und dem Vocal Coach und Komponisten <strong>George\nLiszt<\/strong>. Weiterhin gibt es ein faszinierendes Violinen-Solo von Waldemar\nSzymanski, Profi-Drummer Harald Heinl wird bei der up tempo Komposition \u201eChicor\u00e9e\u201c\nein virtuoses Solo spielen und neben Kompositionen von Thomas \u201eTom\u201c Sch\u00fcler und\nKlaus Bussalb wird auch eine Urauff\u00fchrung des Rodgauer Kulturpreistr\u00e4gers,\nKomponisten und Malers Jens Joneleit, der gerade eine Komposition f\u00fcr die Big-Band\ndes Hessischen Rundfunks schreibt, zu h\u00f6ren sein.<\/p>\n\n\n\n<div class=\"wp-block-image\"><figure class=\"aligncenter is-resized\"><img decoding=\"async\" src=\"http:\/\/heimatverein-nieder-roden.de\/wp-content\/uploads\/2019\/10\/MVN-Rodgau-Jazz-Big-Band-1024x683.jpg\" alt=\"\" class=\"wp-image-1637\" width=\"461\" height=\"307\" srcset=\"https:\/\/heimatverein-nieder-roden.de\/wp-content\/uploads\/2019\/10\/MVN-Rodgau-Jazz-Big-Band-1024x683.jpg 1024w, https:\/\/heimatverein-nieder-roden.de\/wp-content\/uploads\/2019\/10\/MVN-Rodgau-Jazz-Big-Band-300x200.jpg 300w, https:\/\/heimatverein-nieder-roden.de\/wp-content\/uploads\/2019\/10\/MVN-Rodgau-Jazz-Big-Band-768x512.jpg 768w, https:\/\/heimatverein-nieder-roden.de\/wp-content\/uploads\/2019\/10\/MVN-Rodgau-Jazz-Big-Band-560x373.jpg 560w\" sizes=\"(max-width: 461px) 100vw, 461px\" \/><figcaption>Die Rodgau Jazz Big Band des Musikvereins Nieder-Roden e. V. &#8211; \u00a9MVN <\/figcaption><\/figure><\/div>\n\n\n\n<p>Die Ariens\u00e4ngerin\nSabine Bussalb ist mit dem gro\u00dfen Baritonsaxofon dabei und auch weitere\nillustre G\u00e4ste wie der Schlagzeuger Klaus Hesse, Saxofonist Matthias R\u00fcdiger, Bassist\nStephan Langer und die Pianisten Andreas Neuwirth und Georg G\u00f6b geh\u00f6ren zu den\nmusikalischen Gratulanten.<\/p>\n\n\n\n<p>Eintrittskarten f\u00fcr\ndieses besondere Konzert sind f\u00fcr 14\u20ac (erm\u00e4\u00dfigt 12\u20ac) in der J\u00fcgesheimer\nB\u00fccherstube und bei allen Musiker*innen erh\u00e4ltlich.<\/p>\n\n\n\n<p><a href=\"https:\/\/www.mv-nieder-roden.de\/aktuelles\/\">Weitere Informationen gibt es beim Musikverein.<\/a><\/p>\n","protected":false},"excerpt":{"rendered":"<p>Die Rodgau Jazz Bigband des Musikvereins Nieder-Roden (MVN) z\u00e4hlt in diesem Jahr ihr 40-j\u00e4hriges Bestehen.<br \/>\nGefeiert wird standesgem\u00e4\u00df mit einem Jubil\u00e4umskonzert. <\/p><p><a class=\"more-link btn\" href=\"https:\/\/heimatverein-nieder-roden.de\/?p=1607\">Weiterlesen<\/a><\/p>\n","protected":false},"author":1,"featured_media":1614,"comment_status":"closed","ping_status":"closed","sticky":false,"template":"","format":"standard","meta":{"_coblocks_attr":"","_coblocks_dimensions":"","_coblocks_responsive_height":"","_coblocks_accordion_ie_support":"","footnotes":"","_share_on_mastodon":"0"},"categories":[6],"tags":[30,116,22],"class_list":["post-1607","post","type-post","status-publish","format-standard","has-post-thumbnail","hentry","category-aktuell","tag-blasmusik","tag-jazz","tag-musikverein-nieder-roden","nodate"],"share_on_mastodon":{"url":"","error":""},"publishpress_future_action":{"enabled":false,"date":"2026-05-06 23:53:10","action":"category-remove","newStatus":"draft","terms":[],"taxonomy":"category","extraData":[]},"publishpress_future_workflow_manual_trigger":{"enabledWorkflows":[]},"_links":{"self":[{"href":"https:\/\/heimatverein-nieder-roden.de\/index.php?rest_route=\/wp\/v2\/posts\/1607","targetHints":{"allow":["GET"]}}],"collection":[{"href":"https:\/\/heimatverein-nieder-roden.de\/index.php?rest_route=\/wp\/v2\/posts"}],"about":[{"href":"https:\/\/heimatverein-nieder-roden.de\/index.php?rest_route=\/wp\/v2\/types\/post"}],"author":[{"embeddable":true,"href":"https:\/\/heimatverein-nieder-roden.de\/index.php?rest_route=\/wp\/v2\/users\/1"}],"replies":[{"embeddable":true,"href":"https:\/\/heimatverein-nieder-roden.de\/index.php?rest_route=%2Fwp%2Fv2%2Fcomments&post=1607"}],"version-history":[{"count":9,"href":"https:\/\/heimatverein-nieder-roden.de\/index.php?rest_route=\/wp\/v2\/posts\/1607\/revisions"}],"predecessor-version":[{"id":1644,"href":"https:\/\/heimatverein-nieder-roden.de\/index.php?rest_route=\/wp\/v2\/posts\/1607\/revisions\/1644"}],"wp:featuredmedia":[{"embeddable":true,"href":"https:\/\/heimatverein-nieder-roden.de\/index.php?rest_route=\/wp\/v2\/media\/1614"}],"wp:attachment":[{"href":"https:\/\/heimatverein-nieder-roden.de\/index.php?rest_route=%2Fwp%2Fv2%2Fmedia&parent=1607"}],"wp:term":[{"taxonomy":"category","embeddable":true,"href":"https:\/\/heimatverein-nieder-roden.de\/index.php?rest_route=%2Fwp%2Fv2%2Fcategories&post=1607"},{"taxonomy":"post_tag","embeddable":true,"href":"https:\/\/heimatverein-nieder-roden.de\/index.php?rest_route=%2Fwp%2Fv2%2Ftags&post=1607"}],"curies":[{"name":"wp","href":"https:\/\/api.w.org\/{rel}","templated":true}]}}