{"id":1598,"date":"2019-10-02T13:25:33","date_gmt":"2019-10-02T11:25:33","guid":{"rendered":"http:\/\/heimatverein-nieder-roden.de\/?p=1598"},"modified":"2019-11-21T18:43:46","modified_gmt":"2019-11-21T17:43:46","slug":"das-historische-frankfurt-das-war-der-jahresausflug-2019","status":"publish","type":"post","link":"https:\/\/heimatverein-nieder-roden.de\/?p=1598","title":{"rendered":"Das historische Frankfurt &#8211; das war der Jahresausflug 2019"},"content":{"rendered":"\n<p>Einen durchwachsenen Tag hatten wir da ausgesucht &#8211; es wollte nicht so recht die Sonne rauskommen. Und trotzdem erlebten die 25 Teilnehmer des Ausflugs am 29. September einen tollen Tag und einen interessanten Einblick in die Geschichte der Stadt Frankfurt.<\/p>\n\n\n\n<div class=\"wp-block-image\"><figure class=\"aligncenter is-resized\"><a href=\"https:\/\/heimatverein-nieder-roden.de\/wp-content\/uploads\/2019\/10\/2019-09-30_AKHNR_Jahresausflug2019_Fotos_HegerW_IMG_20190929_175940.jpg\"><img decoding=\"async\" src=\"https:\/\/heimatverein-nieder-roden.de\/wp-content\/uploads\/2019\/10\/2019-09-30_AKHNR_Jahresausflug2019_Fotos_HegerW_IMG_20190929_175940-1024x768.jpg\" alt=\"\" class=\"wp-image-1601\" width=\"346\" height=\"260\" srcset=\"https:\/\/heimatverein-nieder-roden.de\/wp-content\/uploads\/2019\/10\/2019-09-30_AKHNR_Jahresausflug2019_Fotos_HegerW_IMG_20190929_175940-1024x768.jpg 1024w, https:\/\/heimatverein-nieder-roden.de\/wp-content\/uploads\/2019\/10\/2019-09-30_AKHNR_Jahresausflug2019_Fotos_HegerW_IMG_20190929_175940-300x225.jpg 300w, https:\/\/heimatverein-nieder-roden.de\/wp-content\/uploads\/2019\/10\/2019-09-30_AKHNR_Jahresausflug2019_Fotos_HegerW_IMG_20190929_175940-768x576.jpg 768w, https:\/\/heimatverein-nieder-roden.de\/wp-content\/uploads\/2019\/10\/2019-09-30_AKHNR_Jahresausflug2019_Fotos_HegerW_IMG_20190929_175940-560x420.jpg 560w\" sizes=\"(max-width: 346px) 100vw, 346px\" \/><\/a><figcaption>Gruppenfoto vor dem R\u00f6mer &#8211; \u00a9AKHNR  <\/figcaption><\/figure><\/div>\n\n\n\n<p>Mit der S-Bahn ging es zur Hauptwache und weiter mit der U-Bahn zum R\u00f6mer, von wo es nur ein kurzer Fu\u00dfweg zum <a href=\"https:\/\/www.historisches-museum-frankfurt.de\/\" target=\"_blank\" rel=\"noreferrer noopener\" aria-label=\" (\u00f6ffnet in neuem Tab)\">historischen Museum<\/a> brauchte. Hier konnte ein jeder nach Lust und Interesse die Ausstellungen besuchen und die beeindruckenden Modelle betrachten, welche die wechselhafte Geschichte der Stadt darstellen. <\/p>\n\n\n\n<p>Besonders beeindrucken dabei ist nat\u00fcrlich die Entwicklung von einer der gr\u00f6\u00dften zusammenh\u00e4ngenden Fachwerkst\u00e4dte ihrer Zeit, \u00fcber die weitgehende Zerst\u00f6rung im Zweiten Weltkrieg, bis hin zur umstrittenen Neugestaltung in der Nachkriegszeit und bis heute.<\/p>\n\n\n\n<div class=\"wp-block-image\"><figure class=\"aligncenter is-resized\"><a href=\"https:\/\/heimatverein-nieder-roden.de\/wp-content\/uploads\/2019\/10\/2019-09-30_AKHNR_Jahresausflug2019_Fotos_HegerW_IMG_20190929_175940_IMG_20190929_150456.jpg\"><img decoding=\"async\" src=\"https:\/\/heimatverein-nieder-roden.de\/wp-content\/uploads\/2019\/10\/2019-09-30_AKHNR_Jahresausflug2019_Fotos_HegerW_IMG_20190929_175940_IMG_20190929_150456-1024x768.jpg\" alt=\"\" class=\"wp-image-1599\" width=\"428\" height=\"321\" srcset=\"https:\/\/heimatverein-nieder-roden.de\/wp-content\/uploads\/2019\/10\/2019-09-30_AKHNR_Jahresausflug2019_Fotos_HegerW_IMG_20190929_175940_IMG_20190929_150456-1024x768.jpg 1024w, https:\/\/heimatverein-nieder-roden.de\/wp-content\/uploads\/2019\/10\/2019-09-30_AKHNR_Jahresausflug2019_Fotos_HegerW_IMG_20190929_175940_IMG_20190929_150456-300x225.jpg 300w, https:\/\/heimatverein-nieder-roden.de\/wp-content\/uploads\/2019\/10\/2019-09-30_AKHNR_Jahresausflug2019_Fotos_HegerW_IMG_20190929_175940_IMG_20190929_150456-768x576.jpg 768w, https:\/\/heimatverein-nieder-roden.de\/wp-content\/uploads\/2019\/10\/2019-09-30_AKHNR_Jahresausflug2019_Fotos_HegerW_IMG_20190929_175940_IMG_20190929_150456-560x420.jpg 560w\" sizes=\"(max-width: 428px) 100vw, 428px\" \/><\/a><figcaption>Kurze Verschnaufpause nach der Besichtigung des historischen Museums &#8211; \u00a9AKHNR <\/figcaption><\/figure><\/div>\n\n\n\n<p>Im Anschluss hatten sich alle redlich eine Pause und das Abendessen verdient.<br>Dazu ging es \u00fcber den eisernen Steg hin\u00fcber nach Sachsenhausen in die urige <a href=\"https:\/\/www.lorsbacher-thal.de\/\" target=\"_blank\" rel=\"noreferrer noopener\" aria-label=\" (\u00f6ffnet in neuem Tab)\">Gast\u00e4tte &#8222;Daheim im Lorsbacher Thal&#8220;<\/a>. Hier konnte sich jeder von der kleinen Karte st\u00e4rken.<\/p>\n\n\n\n<p>Zum Abschluss des Tages gab es den H\u00f6hepunkt in Form einer professionellen Tour durch Frau Stephanie Heeg-el-Sayed, der Gesellschaft &#8222;<a href=\"https:\/\/www.frankfurter-stadtevents.de\/\" target=\"_blank\" rel=\"noreferrer noopener\" aria-label=\" (\u00f6ffnet in neuem Tab)\">Frankfurter Stadtevents<\/a>&#8222;.<\/p>\n\n\n\n<p>Mit tollem Hintergrund-Wissen auf h\u00f6chstem Niveau f\u00fchrte sie durch Gassen der neuen Altstadt, durch kleine Innenh\u00f6fe und vor die bekannten Fassaden. Zur Entstehung, den verwendeten Materialien und den Bewohnern &#8211; gestern wie heute &#8211; wusste sie mit Anekdoten und Details zu erfreuen.<\/p>\n\n\n\n<div class=\"wp-block-image\"><figure class=\"aligncenter is-resized\"><a href=\"https:\/\/heimatverein-nieder-roden.de\/wp-content\/uploads\/2019\/10\/2019-09-30_AKHNR_Jahresausflug2019_Fotos_HegerW_IMG_20190929_175940_IMG_20190929_185422.jpg\"><img decoding=\"async\" src=\"https:\/\/heimatverein-nieder-roden.de\/wp-content\/uploads\/2019\/10\/2019-09-30_AKHNR_Jahresausflug2019_Fotos_HegerW_IMG_20190929_175940_IMG_20190929_185422-768x1024.jpg\" alt=\"\" class=\"wp-image-1600\" width=\"298\" height=\"396\" srcset=\"https:\/\/heimatverein-nieder-roden.de\/wp-content\/uploads\/2019\/10\/2019-09-30_AKHNR_Jahresausflug2019_Fotos_HegerW_IMG_20190929_175940_IMG_20190929_185422-768x1024.jpg 768w, https:\/\/heimatverein-nieder-roden.de\/wp-content\/uploads\/2019\/10\/2019-09-30_AKHNR_Jahresausflug2019_Fotos_HegerW_IMG_20190929_175940_IMG_20190929_185422-225x300.jpg 225w\" sizes=\"(max-width: 298px) 100vw, 298px\" \/><\/a><figcaption>Der H\u00fchnermarkt im Zentrum der neuen Altstadt &#8211; \u00a9AKHNR  <\/figcaption><\/figure><\/div>\n\n\n\n<p>Nach einem wissensreichen und spannenden Tag konnte gegen 20 Uhr die Heimreise angetreten werden; mit der an diesem Tag p\u00fcnktlichen S-Bahn.<\/p>\n\n\n\n<p>Vielen Dank an Andreas Spott f\u00fcr die Planung und Durchf\u00fchrung!<br>Viel Engagement ist hier hineingeflossen!<\/p>\n\n\n\n<p>Danke auch an alle die dabei waren!<br>Wir hoffen euch beim n\u00e4chsten Ausflug wiederzusehen&#8230;<\/p>\n","protected":false},"excerpt":{"rendered":"<p>Die 25 Teilnehmer des Ausflugs erlebten einen tollen Tag und einen interessanten Einblick in die Geschichte der Stadt Frankfurt.<\/p><p><a class=\"more-link btn\" href=\"https:\/\/heimatverein-nieder-roden.de\/?p=1598\">Weiterlesen<\/a><\/p>\n","protected":false},"author":1,"featured_media":1601,"comment_status":"closed","ping_status":"closed","sticky":false,"template":"","format":"standard","meta":{"_coblocks_attr":"","_coblocks_dimensions":"","_coblocks_responsive_height":"","_coblocks_accordion_ie_support":"","footnotes":"","_share_on_mastodon":"0"},"categories":[6,38],"tags":[34,35,41,47,43,40,44,42,48],"class_list":["post-1598","post","type-post","status-publish","format-standard","has-post-thumbnail","hentry","category-aktuell","category-jahresausflug","tag-akhnr","tag-arbeitskreis-fuer-heimatkunde-nieder-roden-e-v","tag-frankfurt-am-main","tag-fuehrung","tag-historisches-museum","tag-jahresausflug","tag-lorsbachtal","tag-neue-altstadt","tag-professionell","nodate"],"share_on_mastodon":{"url":"","error":""},"publishpress_future_action":{"enabled":false,"date":"2026-05-07 08:27:35","action":"category-remove","newStatus":"draft","terms":[],"taxonomy":"category","extraData":[]},"publishpress_future_workflow_manual_trigger":{"enabledWorkflows":[]},"_links":{"self":[{"href":"https:\/\/heimatverein-nieder-roden.de\/index.php?rest_route=\/wp\/v2\/posts\/1598","targetHints":{"allow":["GET"]}}],"collection":[{"href":"https:\/\/heimatverein-nieder-roden.de\/index.php?rest_route=\/wp\/v2\/posts"}],"about":[{"href":"https:\/\/heimatverein-nieder-roden.de\/index.php?rest_route=\/wp\/v2\/types\/post"}],"author":[{"embeddable":true,"href":"https:\/\/heimatverein-nieder-roden.de\/index.php?rest_route=\/wp\/v2\/users\/1"}],"replies":[{"embeddable":true,"href":"https:\/\/heimatverein-nieder-roden.de\/index.php?rest_route=%2Fwp%2Fv2%2Fcomments&post=1598"}],"version-history":[{"count":4,"href":"https:\/\/heimatverein-nieder-roden.de\/index.php?rest_route=\/wp\/v2\/posts\/1598\/revisions"}],"predecessor-version":[{"id":1634,"href":"https:\/\/heimatverein-nieder-roden.de\/index.php?rest_route=\/wp\/v2\/posts\/1598\/revisions\/1634"}],"wp:featuredmedia":[{"embeddable":true,"href":"https:\/\/heimatverein-nieder-roden.de\/index.php?rest_route=\/wp\/v2\/media\/1601"}],"wp:attachment":[{"href":"https:\/\/heimatverein-nieder-roden.de\/index.php?rest_route=%2Fwp%2Fv2%2Fmedia&parent=1598"}],"wp:term":[{"taxonomy":"category","embeddable":true,"href":"https:\/\/heimatverein-nieder-roden.de\/index.php?rest_route=%2Fwp%2Fv2%2Fcategories&post=1598"},{"taxonomy":"post_tag","embeddable":true,"href":"https:\/\/heimatverein-nieder-roden.de\/index.php?rest_route=%2Fwp%2Fv2%2Ftags&post=1598"}],"curies":[{"name":"wp","href":"https:\/\/api.w.org\/{rel}","templated":true}]}}