{"id":1553,"date":"2019-09-12T23:05:29","date_gmt":"2019-09-12T21:05:29","guid":{"rendered":"http:\/\/heimatverein-nieder-roden.de\/?p=1553"},"modified":"2019-09-15T21:37:33","modified_gmt":"2019-09-15T19:37:33","slug":"naechste-museumsoeffnung-am-15-september-musik-im-museumshof-mit-dem-jugendorchester-des-mvn","status":"publish","type":"post","link":"https:\/\/heimatverein-nieder-roden.de\/?p=1553","title":{"rendered":"N\u00e4chste Museums\u00f6ffnung am 15. September &#8211; &#8222;Musik im Museumshof&#8220; mit dem Jugendorchester des MVN"},"content":{"rendered":"\n<p>Am kommenden Sonntag, den 15. September 2019, \u00f6ffnet das Heimatmuseum in Nieder-Roden wieder seine Tore von 14 bis 18 Uhr. <\/p>\n\n\n\n<p>Es gibt nicht nur die  Dauerausstellung und die Jahresausstellung zu 50 Jahren Evangelischer Kirchengemeinde Nieder-Roden zu sehen, sondern auch etwas zu H\u00f6ren. <\/p>\n\n\n\n<blockquote style=\"text-align:center\" class=\"wp-block-quote is-layout-flow wp-block-quote-is-layout-flow\"><p> Musik im Museumshof &#8211; <br>die letzte Gelegenheit in diesem Jahr! <\/p><\/blockquote>\n\n\n\n<p>Im Rahmen der Reihe &#8222;Musik im Museumshof&#8220; begleitet das Jugendorchester  des Musikvereins Nieder-Roden e. V. den Tag musikalisch. Genie\u00dfen Sie ab  14:00 Uhr das Ambiente im Museumshof des alten Lehrerhauses in Nieder-Roden, Schulstra\u00dfe 32! <strong>Es ist die letzte Gelegenheit 2019.<\/strong><\/p>\n\n\n\n<figure class=\"wp-block-image\"><a href=\"https:\/\/heimatverein-nieder-roden.de\/wp-content\/uploads\/2019\/09\/2018-06-17_AKHNR_\u00d6ffnung-2018-06-17_IMG_6303.jpg\"><img decoding=\"async\" width=\"1024\" height=\"768\" src=\"http:\/\/heimatverein-nieder-roden.de\/wp-content\/uploads\/2019\/09\/2018-06-17_AKHNR_\u00d6ffnung-2018-06-17_IMG_6303-1024x768.jpg\" alt=\"\" class=\"wp-image-1561\" srcset=\"https:\/\/heimatverein-nieder-roden.de\/wp-content\/uploads\/2019\/09\/2018-06-17_AKHNR_\u00d6ffnung-2018-06-17_IMG_6303-1024x768.jpg 1024w, https:\/\/heimatverein-nieder-roden.de\/wp-content\/uploads\/2019\/09\/2018-06-17_AKHNR_\u00d6ffnung-2018-06-17_IMG_6303-300x225.jpg 300w, https:\/\/heimatverein-nieder-roden.de\/wp-content\/uploads\/2019\/09\/2018-06-17_AKHNR_\u00d6ffnung-2018-06-17_IMG_6303-768x576.jpg 768w, https:\/\/heimatverein-nieder-roden.de\/wp-content\/uploads\/2019\/09\/2018-06-17_AKHNR_\u00d6ffnung-2018-06-17_IMG_6303-560x420.jpg 560w\" sizes=\"(max-width: 1024px) 100vw, 1024px\" \/><\/a><figcaption> Hier das Jugendorchester des Musikvereins Nieder-Roden e. V. <br>im Hof des Heimatmuseums am 17.06.2018 &#8211;  \u00a9 AKHNR<\/figcaption><\/figure>\n\n\n\n<p>Der Heimatverein freut sich sehr \u00fcber die Fortsetzung der Zusammenarbeit mit dem Musikverein Nieder-Roden auch \u00fcber die letztj\u00e4hrige Sonderausstellung zu seinem 100j\u00e4hrigen Bestehen hinaus. <\/p>\n\n\n\n<p>Freuen sie sich auf gro\u00dfartige Blasmusik und &#8211; wie immer &#8211; auf Kaffee, selbstgebacken Kuchen und Torten und interessante Gespr\u00e4che.<\/p>\n\n\n\n<p>Sie sind uns herzlich willkommen!<\/p>\n","protected":false},"excerpt":{"rendered":"<p>Am kommenden Sonntag, den 15. September 2019, \u00f6ffnet das Heimatmuseum in Nieder-Roden wieder seine Tore von 14 bis 18 Uhr. <\/p><p><a class=\"more-link btn\" href=\"https:\/\/heimatverein-nieder-roden.de\/?p=1553\">Weiterlesen<\/a><\/p>\n","protected":false},"author":1,"featured_media":1561,"comment_status":"closed","ping_status":"closed","sticky":false,"template":"","format":"standard","meta":{"_coblocks_attr":"","_coblocks_dimensions":"","_coblocks_responsive_height":"","_coblocks_accordion_ie_support":"","footnotes":"","_share_on_mastodon":"0"},"categories":[6,9,10],"tags":[34,35,30,98,20,22],"class_list":["post-1553","post","type-post","status-publish","format-standard","has-post-thumbnail","hentry","category-aktuell","category-museumsoeffnungen","category-musik-im-museumshof","tag-akhnr","tag-arbeitskreis-fuer-heimatkunde-nieder-roden-e-v","tag-blasmusik","tag-jugendorchester","tag-musik-im-museumshof","tag-musikverein-nieder-roden","nodate"],"share_on_mastodon":{"url":"","error":""},"publishpress_future_action":{"enabled":false,"date":"2026-05-09 12:21:06","action":"category-remove","newStatus":"draft","terms":[],"taxonomy":"category","extraData":[]},"publishpress_future_workflow_manual_trigger":{"enabledWorkflows":[]},"_links":{"self":[{"href":"https:\/\/heimatverein-nieder-roden.de\/index.php?rest_route=\/wp\/v2\/posts\/1553","targetHints":{"allow":["GET"]}}],"collection":[{"href":"https:\/\/heimatverein-nieder-roden.de\/index.php?rest_route=\/wp\/v2\/posts"}],"about":[{"href":"https:\/\/heimatverein-nieder-roden.de\/index.php?rest_route=\/wp\/v2\/types\/post"}],"author":[{"embeddable":true,"href":"https:\/\/heimatverein-nieder-roden.de\/index.php?rest_route=\/wp\/v2\/users\/1"}],"replies":[{"embeddable":true,"href":"https:\/\/heimatverein-nieder-roden.de\/index.php?rest_route=%2Fwp%2Fv2%2Fcomments&post=1553"}],"version-history":[{"count":3,"href":"https:\/\/heimatverein-nieder-roden.de\/index.php?rest_route=\/wp\/v2\/posts\/1553\/revisions"}],"predecessor-version":[{"id":1563,"href":"https:\/\/heimatverein-nieder-roden.de\/index.php?rest_route=\/wp\/v2\/posts\/1553\/revisions\/1563"}],"wp:featuredmedia":[{"embeddable":true,"href":"https:\/\/heimatverein-nieder-roden.de\/index.php?rest_route=\/wp\/v2\/media\/1561"}],"wp:attachment":[{"href":"https:\/\/heimatverein-nieder-roden.de\/index.php?rest_route=%2Fwp%2Fv2%2Fmedia&parent=1553"}],"wp:term":[{"taxonomy":"category","embeddable":true,"href":"https:\/\/heimatverein-nieder-roden.de\/index.php?rest_route=%2Fwp%2Fv2%2Fcategories&post=1553"},{"taxonomy":"post_tag","embeddable":true,"href":"https:\/\/heimatverein-nieder-roden.de\/index.php?rest_route=%2Fwp%2Fv2%2Ftags&post=1553"}],"curies":[{"name":"wp","href":"https:\/\/api.w.org\/{rel}","templated":true}]}}