{"id":1371,"date":"2019-06-19T00:02:11","date_gmt":"2019-06-18T22:02:11","guid":{"rendered":"http:\/\/heimatverein-nieder-roden.de\/?p=1371"},"modified":"2020-01-05T12:51:45","modified_gmt":"2020-01-05T11:51:45","slug":"jahresauftakt-2019","status":"publish","type":"post","link":"https:\/\/heimatverein-nieder-roden.de\/?p=1371","title":{"rendered":"Jahresauftakt 2019"},"content":{"rendered":"\n<h3 class=\"wp-block-heading\">Ein gro\u00dfartiger Tag in M\u00fcnster (b Dieburg)<\/h3>\n\n\n\n<p>In das Jahr 2019 startete der AKHNR mit einem Ausflug zum Heimat- und Geschichtsverein M\u00fcnster e. V. (HGV).<\/p>\n\n\n\n<p>Der Vorsitzende des HGV, Kai Herd, empfing die G\u00e4ste aus Nieder-Roden und f\u00fchrte sie in hochprofessioneller Manier vom Bahnhof durch den Altort, in die Kirche St. Michael und zur\u00fcck zum Heimatmuseum M\u00fcnster.<\/p>\n\n\n\n<p>Wir danken dem HGV und seinem Vorsitzenden f\u00fcr diesen gro\u00dfartigen Tag in M\u00fcnster und hoffen einander bald wiederzusehen, ob in M\u00fcnster oder in Nieder-Roden!<\/p>\n\n\n\n<div class=\"wp-block-button aligncenter\"><a class=\"wp-block-button__link\" href=\"http:\/\/www.hgv-muenster.de\/?Museum\">Weitere Infos zum HGV M\u00fcnster<\/a><\/div>\n\n\n\n<figure class=\"wp-block-image\"><a href=\"http:\/\/www.hgv-muenster.de\/?Museum\" target=\"_blank\" rel=\"noreferrer noopener\"><img decoding=\"async\" src=\"http:\/\/www.hgv-muenster.de\/templates\/example3cols\/images\/bg2header.jpg\" alt=\"\"\/><\/a><\/figure>\n\n\n\n<p>Besuchen Sie unbedingt das dortige Museum. Es ist beispielsweise auch ein perfektes Ziel f\u00fcr eine kurze Radtour ohne schwieriges Terrain. Es lohnt sich!  <\/p>\n\n\n\n<h2 class=\"wp-block-heading\">Impressionen des Jahresauftakts 2019:<\/h2>\n\n\n\n<figure class=\"wp-block-gallery columns-3 is-cropped wp-block-gallery-1 is-layout-flex wp-block-gallery-is-layout-flex\"><ul class=\"blocks-gallery-grid\"><li class=\"blocks-gallery-item\"><figure><a href=\"http:\/\/heimatverein-nieder-roden.de\/wp-content\/uploads\/2019\/05\/AKHNR_Jahresauftakt2019_1-1024x768.jpg\"><img decoding=\"async\" width=\"1024\" height=\"768\" src=\"http:\/\/heimatverein-nieder-roden.de\/wp-content\/uploads\/2019\/05\/AKHNR_Jahresauftakt2019_1-1024x768.jpg\" alt=\"\" data-id=\"1132\" data-link=\"http:\/\/heimatverein-nieder-roden.de\/?attachment_id=1132\" class=\"wp-image-1132\" srcset=\"https:\/\/heimatverein-nieder-roden.de\/wp-content\/uploads\/2019\/05\/AKHNR_Jahresauftakt2019_1-1024x768.jpg 1024w, https:\/\/heimatverein-nieder-roden.de\/wp-content\/uploads\/2019\/05\/AKHNR_Jahresauftakt2019_1-300x225.jpg 300w, https:\/\/heimatverein-nieder-roden.de\/wp-content\/uploads\/2019\/05\/AKHNR_Jahresauftakt2019_1-768x576.jpg 768w, https:\/\/heimatverein-nieder-roden.de\/wp-content\/uploads\/2019\/05\/AKHNR_Jahresauftakt2019_1.jpg 1440w\" sizes=\"(max-width: 1024px) 100vw, 1024px\" \/><\/a><figcaption class=\"blocks-gallery-item__caption\">Gruppenbild beim Umsteigen auf dem Bahnsteig in Ober-Roden \u00a9AKHNR\/FST<\/figcaption><\/figure><\/li><li class=\"blocks-gallery-item\"><figure><a href=\"http:\/\/heimatverein-nieder-roden.de\/wp-content\/uploads\/2019\/05\/AKHNR_Jahresauftakt2019_2-1024x768.jpg\"><img decoding=\"async\" width=\"1024\" height=\"768\" src=\"http:\/\/heimatverein-nieder-roden.de\/wp-content\/uploads\/2019\/05\/AKHNR_Jahresauftakt2019_2-1024x768.jpg\" alt=\"\" data-id=\"1133\" data-link=\"http:\/\/heimatverein-nieder-roden.de\/?attachment_id=1133\" class=\"wp-image-1133\" srcset=\"https:\/\/heimatverein-nieder-roden.de\/wp-content\/uploads\/2019\/05\/AKHNR_Jahresauftakt2019_2-1024x768.jpg 1024w, https:\/\/heimatverein-nieder-roden.de\/wp-content\/uploads\/2019\/05\/AKHNR_Jahresauftakt2019_2-300x225.jpg 300w, https:\/\/heimatverein-nieder-roden.de\/wp-content\/uploads\/2019\/05\/AKHNR_Jahresauftakt2019_2-768x576.jpg 768w, https:\/\/heimatverein-nieder-roden.de\/wp-content\/uploads\/2019\/05\/AKHNR_Jahresauftakt2019_2.jpg 1440w\" sizes=\"(max-width: 1024px) 100vw, 1024px\" \/><\/a><figcaption class=\"blocks-gallery-item__caption\">W\u00e4hrend der kurzen Fahrt mit der Dreieichbahn  \u00a9AKHNR\/FST <\/figcaption><\/figure><\/li><li class=\"blocks-gallery-item\"><figure><a href=\"http:\/\/heimatverein-nieder-roden.de\/wp-content\/uploads\/2019\/05\/AKHNR_Jahresauftakt2019_3-1024x768.jpg\"><img decoding=\"async\" width=\"1024\" height=\"768\" src=\"http:\/\/heimatverein-nieder-roden.de\/wp-content\/uploads\/2019\/05\/AKHNR_Jahresauftakt2019_3-1024x768.jpg\" alt=\"\" data-id=\"1134\" data-link=\"http:\/\/heimatverein-nieder-roden.de\/?attachment_id=1134\" class=\"wp-image-1134\" srcset=\"https:\/\/heimatverein-nieder-roden.de\/wp-content\/uploads\/2019\/05\/AKHNR_Jahresauftakt2019_3-1024x768.jpg 1024w, https:\/\/heimatverein-nieder-roden.de\/wp-content\/uploads\/2019\/05\/AKHNR_Jahresauftakt2019_3-300x225.jpg 300w, https:\/\/heimatverein-nieder-roden.de\/wp-content\/uploads\/2019\/05\/AKHNR_Jahresauftakt2019_3-768x576.jpg 768w, https:\/\/heimatverein-nieder-roden.de\/wp-content\/uploads\/2019\/05\/AKHNR_Jahresauftakt2019_3.jpg 1440w\" sizes=\"(max-width: 1024px) 100vw, 1024px\" \/><\/a><figcaption class=\"blocks-gallery-item__caption\">Ein strahlender Schaffner  \u00a9AKHNR\/FST <\/figcaption><\/figure><\/li><li class=\"blocks-gallery-item\"><figure><a href=\"http:\/\/heimatverein-nieder-roden.de\/wp-content\/uploads\/2019\/05\/AKHNR_Jahresauftakt2019_4-1024x768.jpg\"><img decoding=\"async\" width=\"1024\" height=\"768\" src=\"http:\/\/heimatverein-nieder-roden.de\/wp-content\/uploads\/2019\/05\/AKHNR_Jahresauftakt2019_4-1024x768.jpg\" alt=\"\" data-id=\"1135\" data-link=\"http:\/\/heimatverein-nieder-roden.de\/?attachment_id=1135\" class=\"wp-image-1135\" srcset=\"https:\/\/heimatverein-nieder-roden.de\/wp-content\/uploads\/2019\/05\/AKHNR_Jahresauftakt2019_4-1024x768.jpg 1024w, https:\/\/heimatverein-nieder-roden.de\/wp-content\/uploads\/2019\/05\/AKHNR_Jahresauftakt2019_4-300x225.jpg 300w, https:\/\/heimatverein-nieder-roden.de\/wp-content\/uploads\/2019\/05\/AKHNR_Jahresauftakt2019_4-768x576.jpg 768w, https:\/\/heimatverein-nieder-roden.de\/wp-content\/uploads\/2019\/05\/AKHNR_Jahresauftakt2019_4.jpg 1440w\" sizes=\"(max-width: 1024px) 100vw, 1024px\" \/><\/a><figcaption class=\"blocks-gallery-item__caption\">Der Vorsitzende des Heimat- und Geschichtsvereins M\u00fcnster e. V., Kai Herd, begr\u00fc\u00dft die G\u00e4ste aus Nieder-Roden  \u00a9AKHNR\/FST <\/figcaption><\/figure><\/li><li class=\"blocks-gallery-item\"><figure><a href=\"http:\/\/heimatverein-nieder-roden.de\/wp-content\/uploads\/2019\/05\/AKHNR_Jahresauftakt2019_5-1024x768.jpg\"><img decoding=\"async\" width=\"1024\" height=\"768\" src=\"http:\/\/heimatverein-nieder-roden.de\/wp-content\/uploads\/2019\/05\/AKHNR_Jahresauftakt2019_5-1024x768.jpg\" alt=\"\" data-id=\"1136\" data-link=\"http:\/\/heimatverein-nieder-roden.de\/?attachment_id=1136\" class=\"wp-image-1136\" srcset=\"https:\/\/heimatverein-nieder-roden.de\/wp-content\/uploads\/2019\/05\/AKHNR_Jahresauftakt2019_5-1024x768.jpg 1024w, https:\/\/heimatverein-nieder-roden.de\/wp-content\/uploads\/2019\/05\/AKHNR_Jahresauftakt2019_5-300x225.jpg 300w, https:\/\/heimatverein-nieder-roden.de\/wp-content\/uploads\/2019\/05\/AKHNR_Jahresauftakt2019_5-768x576.jpg 768w, https:\/\/heimatverein-nieder-roden.de\/wp-content\/uploads\/2019\/05\/AKHNR_Jahresauftakt2019_5.jpg 1440w\" sizes=\"(max-width: 1024px) 100vw, 1024px\" \/><\/a><figcaption class=\"blocks-gallery-item__caption\">Der Ort der Einkehr am Abend: Das Heimatmuseum M\u00fcnster (b Dieburg)  \u00a9AKHNR\/FST <\/figcaption><\/figure><\/li><li class=\"blocks-gallery-item\"><figure><a href=\"http:\/\/heimatverein-nieder-roden.de\/wp-content\/uploads\/2019\/05\/AKHNR_Jahresauftakt2019_6-1024x768.jpg\"><img decoding=\"async\" width=\"1024\" height=\"768\" src=\"http:\/\/heimatverein-nieder-roden.de\/wp-content\/uploads\/2019\/05\/AKHNR_Jahresauftakt2019_6-1024x768.jpg\" alt=\"\" data-id=\"1137\" data-link=\"http:\/\/heimatverein-nieder-roden.de\/?attachment_id=1137\" class=\"wp-image-1137\" srcset=\"https:\/\/heimatverein-nieder-roden.de\/wp-content\/uploads\/2019\/05\/AKHNR_Jahresauftakt2019_6-1024x768.jpg 1024w, https:\/\/heimatverein-nieder-roden.de\/wp-content\/uploads\/2019\/05\/AKHNR_Jahresauftakt2019_6-300x225.jpg 300w, https:\/\/heimatverein-nieder-roden.de\/wp-content\/uploads\/2019\/05\/AKHNR_Jahresauftakt2019_6-768x576.jpg 768w, https:\/\/heimatverein-nieder-roden.de\/wp-content\/uploads\/2019\/05\/AKHNR_Jahresauftakt2019_6.jpg 1440w\" sizes=\"(max-width: 1024px) 100vw, 1024px\" \/><\/a><figcaption class=\"blocks-gallery-item__caption\">Die Gruppe beim Besuch in der M\u00fcnsterer Kirche St. Michael.  \u00a9AKHNR\/FST <\/figcaption><\/figure><\/li><\/ul><\/figure>\n\n\n\n<h2 class=\"wp-block-heading\">Die Pressemitteilung des HGV zum Besuch aus Nieder-Roden, vom 21.01.2019:<\/h2>\n\n\n\n<h3 class=\"wp-block-heading\"><em>&#8222;Die Heimat im Blick von M\u00fcnster und Nieder-Roden<\/em><\/h3>\n\n\n\n<h4 class=\"wp-block-heading\"><em>HGV mit Rodgauer Kollegen in M\u00fcnster unterwegs<\/em><\/h4>\n\n\n\n<p><em>G\u00e4ste aus dem nahen Umland hatte der Heimat- und Geschichtsverein M\u00fcnster (HGV) am vergangenen Samstag zu Gast. Der Geschichtsverein aus Nieder-Roden war mit der Dreieichbahn nach M\u00fcnster gekommen, um sich \u00fcber die Ortsgeschichte der Gerprenzgemeinde zu informieren. Am Bahnhof wurden die Rodgauer vom Vorsitzenden des HGV Kai Herd begr\u00fc\u00dft, der sie auch gleich \u00fcber die Geschichte des Bahnhofs unterrichtete. Die Bahnhofsstra\u00dfe, die \u00fcber viele Jahre als Viehtrieb zwischen M\u00fcnster und Altheim diente, war auch eine weitere Station auf dem Weg zur katholischen Pfarrkirche St. Michael. Bei dem heute noch ins Blickfeld r\u00fcckende Haus der ehemaligen Kolonialwarenhandlung an der Einm\u00fcndung zur M\u00fchlgasse, verweilte die Gruppe eine kurze Zeit. Hier konnte Kai Herd seinen G\u00e4sten den sozialen Gegensatz im M\u00fcnster um die Mitte des 19. Jahrhunderts zeigen. Hier der reichverzierte Prunkbau eines wohlhabenden B\u00fcrgers und auf der gegen\u00fcberliegenden Stra\u00dfenseite die eher einfachen Arbeiterh\u00e4user, die in dieser Zeit mit Hilfe der Gemeinde errichtet wurden. Auch in der Hintergasse und in der Schulstra\u00dfe konnte Herd viele \u00fcber M\u00fcnsters Historie erz\u00e4hlen. In der Pfarrkirche begr\u00fc\u00dfte Pfarrer Sch\u00fcpke die interessierten Besucher aus Nieder-Roden. Kai Herd konnte auch hier sein enormes Wissen \u00fcber die Ortsgeschichte an seine Zuh\u00f6ren weitergeben. Das 1786 erbaute Gotteshaus faszinierte die Gruppe genau so wie die Erkl\u00e4rungen, die sie dazu erhielten. Im M\u00fcnsterer Heimatmuseum klang der Besuch des Nieder-R\u00f6der Geschichtsvereins aus. Der Vorsitzende der Rodgauer, Frank Stoffels, danke seinen M\u00fcnsterer Freunden f\u00fcr die freundliche Aufnahme und die gute Bewirtung im Caf\u00e9 des Museums., die C\u00e4cilia Herd zusammen mit Helma und Heinz M\u00fcller \u00fcbernommen hatte.<\/em><\/p>\n\n\n\n<h4 class=\"wp-block-heading\"><strong><em>Das Museum \u00f6ffnet am 3. Februar wieder seine Pforte<\/em><\/strong><\/h4>\n\n\n\n<p><em>Wer jetzt Lust auf etwas Ortsgeschichte bekommen hat, der ist am 3. Februar herzlich in das Heimatmuseum in der Bahnhofstra\u00dfe eingeladen. Bei Kaffee und Kuchen kann jeder der Dauerausstellung zwischen 14 und 17 Uhr besichtigen. Ein&nbsp; Plausch mit den anwesenden HGV-Mitgliedern \u00fcber die alte und neue Geschichte M\u00fcnsters ist dann auch noch m\u00f6glich.&#8220;<\/em><\/p>\n","protected":false},"excerpt":{"rendered":"<p>In das Jahr 2019 startete der AKHNR mit einem Ausflug zum Heimat- und Geschichtsverein M\u00fcnster e. V. (HGV).<\/p><p><a class=\"more-link btn\" href=\"https:\/\/heimatverein-nieder-roden.de\/?p=1371\">Weiterlesen<\/a><\/p>\n","protected":false},"author":1,"featured_media":1132,"comment_status":"closed","ping_status":"closed","sticky":false,"template":"","format":"standard","meta":{"_coblocks_attr":"","_coblocks_dimensions":"","_coblocks_responsive_height":"","_coblocks_accordion_ie_support":"","footnotes":"","_share_on_mastodon":"0"},"categories":[6,56],"tags":[51,34,35,54,53,50,55,52],"class_list":["post-1371","post","type-post","status-publish","format-standard","has-post-thumbnail","hentry","category-aktuell","category-jahresauftakt","tag-51","tag-akhnr","tag-arbeitskreis-fuer-heimatkunde-nieder-roden-e-v","tag-heimat-und-geschichtsverein-muenster-e-v","tag-hgv","tag-jahresauftakt","tag-kai-herd","tag-muenster-bei-dieburg","nodate"],"share_on_mastodon":{"url":"","error":""},"publishpress_future_action":{"enabled":false,"date":"2026-05-07 07:16:15","action":"category-remove","newStatus":"draft","terms":[],"taxonomy":"category","extraData":[]},"publishpress_future_workflow_manual_trigger":{"enabledWorkflows":[]},"_links":{"self":[{"href":"https:\/\/heimatverein-nieder-roden.de\/index.php?rest_route=\/wp\/v2\/posts\/1371","targetHints":{"allow":["GET"]}}],"collection":[{"href":"https:\/\/heimatverein-nieder-roden.de\/index.php?rest_route=\/wp\/v2\/posts"}],"about":[{"href":"https:\/\/heimatverein-nieder-roden.de\/index.php?rest_route=\/wp\/v2\/types\/post"}],"author":[{"embeddable":true,"href":"https:\/\/heimatverein-nieder-roden.de\/index.php?rest_route=\/wp\/v2\/users\/1"}],"replies":[{"embeddable":true,"href":"https:\/\/heimatverein-nieder-roden.de\/index.php?rest_route=%2Fwp%2Fv2%2Fcomments&post=1371"}],"version-history":[{"count":3,"href":"https:\/\/heimatverein-nieder-roden.de\/index.php?rest_route=\/wp\/v2\/posts\/1371\/revisions"}],"predecessor-version":[{"id":2124,"href":"https:\/\/heimatverein-nieder-roden.de\/index.php?rest_route=\/wp\/v2\/posts\/1371\/revisions\/2124"}],"wp:featuredmedia":[{"embeddable":true,"href":"https:\/\/heimatverein-nieder-roden.de\/index.php?rest_route=\/wp\/v2\/media\/1132"}],"wp:attachment":[{"href":"https:\/\/heimatverein-nieder-roden.de\/index.php?rest_route=%2Fwp%2Fv2%2Fmedia&parent=1371"}],"wp:term":[{"taxonomy":"category","embeddable":true,"href":"https:\/\/heimatverein-nieder-roden.de\/index.php?rest_route=%2Fwp%2Fv2%2Fcategories&post=1371"},{"taxonomy":"post_tag","embeddable":true,"href":"https:\/\/heimatverein-nieder-roden.de\/index.php?rest_route=%2Fwp%2Fv2%2Ftags&post=1371"}],"curies":[{"name":"wp","href":"https:\/\/api.w.org\/{rel}","templated":true}]}}